{"id":2648,"date":"2020-07-28T13:26:00","date_gmt":"2020-07-28T13:26:00","guid":{"rendered":"https:\/\/objectif-cash.com\/?p=2648"},"modified":"2020-08-28T15:05:53","modified_gmt":"2020-08-28T13:05:53","slug":"les-managers-de-transition-seront-ils-prives-de-vacances-cette-annee","status":"publish","type":"post","link":"https:\/\/objectif-cash.com\/en\/management-prospective\/les-managers-de-transition-seront-ils-prives-de-vacances-cette-annee\/","title":{"rendered":"Les managers de transition seront-ils priv\u00e9s de vacances cette ann\u00e9e ?"},"content":{"rendered":"\r\n<p><strong><em><br \/>Le t\u00e9l\u00e9phone d\u2019Objectif CASH n\u2019arr\u00eate pas de sonner\u2026<\/em><\/strong><\/p>\r\n\r\n\r\n\r\n<p><strong><em>All\u00f4 Objectif CASH ! Nous allons avoir \u00e0 travailler sur ceci et sur cela cet \u00e9t\u00e9 ?<\/em><\/strong><\/p>\r\n\r\n\r\n\r\n<p>&#8211; <em>Pas de souci, nous serons pr\u00eats !<\/em><\/p>\r\n\r\n\r\n\r\n<p>Les vacances c\u2019est en Ao\u00fbt. D\u2019ici l\u00e0 il y a Juin et Juillet. Les entreprises travaillent, s\u2019organisent\u2026<\/p>\r\n\r\n\r\n\r\n<p>Nous n\u2019avons jamais vu un client nous r\u00e9server deux mois \u00e0 l\u2019avance une mission de management de transition\u2026<\/p>\r\n\r\n\r\n\r\n<p><strong>Sur quoi travaillent les entreprises actuellement ? Les Directeurs Financiers en particulier \u2026<\/strong><\/p>\r\n\r\n\r\n\r\n<p>Tous nos clients (Industries \/ Services) font la m\u00eame chose\u2026<\/p>\r\n\r\n\r\n\r\n<p>&#8211; S\u00e9curiser les acquis \/ les fondamentaux<\/p>\r\n\r\n\r\n\r\n<p>&#8211; Se projeter pour mieux saisir de nouvelles opportunit\u00e9s<\/p>\r\n\r\n\r\n\r\n<p>R\u00e9duire la voilure ? Tout le monde y pense mais dans beaucoup de m\u00e9tiers il y a un gros risque de perdre des savoir-faire dont on aura besoin quand cela va repartir \u2026<\/p>\r\n\r\n\r\n\r\n<p><strong><u>La m\u00e8re des batailles ?<\/u> Construire des mod\u00e8les, des organisations avec une rentabilit\u00e9 \u00e9conomique p\u00e9renne \u2026 Int\u00e9grer la dimension RSE dans ses business plans pour am\u00e9liorer la lisibilit\u00e9 de ceux-ci vis-\u00e0-vis des fonds d\u2019investissements et aussi des jeunes talents que l\u2019on ambitionne de recruter ou de fid\u00e9liser \u2026<\/strong><\/p>\r\n\r\n\r\n\r\n<p>C\u2019est quoi ce charabia ? C\u2019est quoi concr\u00e8tement une \u00ab rentabilit\u00e9 p\u00e9renne \u00bb ?<\/p>\r\n\r\n\r\n\r\n<p>C\u2019est quand la Direction Financi\u00e8re trouve le bon curseur entre \u00ab Gestion \/ Pilotage de l\u2019EBITDA \u00bb et \u00ab Gestion \/ Pilotage du CASH \u00bb \u2026 Cela signifie<\/p>\r\n\r\n\r\n\r\n<p>&#8211; Se poser les bonnes questions ? Trouver les bons \u00e9quilibrer \u2026<\/p>\r\n\r\n\r\n\r\n<p>&#8211; Se remettre en question de temps en temps ? Accepter de ne pas se jeter tous azimuts sur tous les business, toutes les commandes, tous les clients, tous les segments du march\u00e9 \u2026 histoire de rattraper les retards de Mars \u00e0 Mai \u2026<\/p>\r\n\r\n\r\n\r\n<p>Regarder devant ! C\u2019est \u00e9vident ! Mais aussi derri\u00e8re !<\/p>\r\n\r\n\r\n\r\n<p>Il y a quelques temps nous partagions les r\u00e9sultats de <strong>notre \u00e9tude sur l\u2019agenda du DAF Groupe pour Juin \/ Juillet 2020<\/strong> avec plusieurs DAF GROUPE de notre r\u00e9seau. Un certain nombre ont reconnu ne pas passer assez de temps \u00e0 regarder la sant\u00e9 de leurs fournisseurs strat\u00e9giques \u2026 Au cas o\u00f9 \u2026<\/p>\r\n\r\n\r\n\r\n<p>Tout est li\u00e9 \u2026 On peut \u00eatre riche et bien portant \u2026et d\u00e9pendre de pauvres ou de malades \u2026 C\u2019est l\u2019un des enseignements des derniers mois que nous venons de vivre. Nous apprenons de nos vuln\u00e9rabilit\u00e9s \u2026<\/p>\r\n\r\n\r\n\r\n<p>Nous partageons avec vous les bonnes pratiques de nos clients (Industries et Services) :<\/p>\r\n\r\n\r\n\r\n<p><strong>Contactez-nous pour recevoir nos derni\u00e8res publications :<\/strong><\/p>\r\n\r\n\r\n\r\n<p>&#8211; <strong>Direction Financi\u00e8re Groupe :<\/strong> Quel plan d\u2019actions \u00e0 10 semaines ?<\/p>\r\n\r\n\r\n\r\n<p>&#8211; <strong>Investisseurs \/ Direction G\u00e9n\u00e9rale :<\/strong> Quel plan d\u2019actions \u00e0 10 mois ?<\/p>\r\n\r\n\r\n\r\n<p><strong>L\u2019\u00e9quipe Objectif CASH<\/strong>, pas encore en vacances \u2026et \u00e0 votre \u00e9coute.<\/p>\r\n","protected":false},"excerpt":{"rendered":"<p>Le t\u00e9l\u00e9phone d\u2019Objectif CASH n\u2019arr\u00eate pas de sonner\u2026 All\u00f4 Objectif CASH ! Nous allons avoir \u00e0 travailler sur ceci et sur cela cet \u00e9t\u00e9 ? &#8211; Pas de souci, nous serons pr\u00eats ! Les vacances c\u2019est en Ao\u00fbt. D\u2019ici l\u00e0 il y a Juin et Juillet. Les entreprises travaillent, s\u2019organisent\u2026 Nous n\u2019avons jamais vu un [&hellip;]<\/p>\n","protected":false},"author":1,"featured_media":2649,"comment_status":"closed","ping_status":"closed","sticky":false,"template":"","format":"standard","meta":{"_acf_changed":false,"footnotes":""},"categories":[28],"tags":[],"class_list":["post-2648","post","type-post","status-publish","format-standard","has-post-thumbnail","hentry","category-management-prospective"],"acf":[],"yoast_head":"<!-- This site is optimized with the Yoast SEO plugin v27.5 - https:\/\/yoast.com\/product\/yoast-seo-wordpress\/ -->\n<title>Les managers de transition seront-ils priv\u00e9s de vacances cette ann\u00e9e ?<\/title>\n<meta name=\"description\" content=\"D\u00e9couvrez notre article Les managers de transition seront-ils priv\u00e9s de vacances cette ann\u00e9e ? - Objectif CASH\" \/>\n<link rel=\"canonical\" href=\"https:\/\/objectif-cash.com\/en\/management-prospective\/les-managers-de-transition-seront-ils-prives-de-vacances-cette-annee\/\" \/>\n<meta property=\"og:locale\" content=\"en_US\" \/>\n<meta property=\"og:type\" content=\"article\" \/>\n<meta property=\"og:title\" content=\"Les managers de transition seront-ils priv\u00e9s de vacances cette ann\u00e9e ?\" \/>\n<meta property=\"og:description\" content=\"D\u00e9couvrez notre article Les managers de transition seront-ils priv\u00e9s de vacances cette ann\u00e9e ? - Objectif CASH\" \/>\n<meta property=\"og:url\" content=\"https:\/\/objectif-cash.com\/en\/management-prospective\/les-managers-de-transition-seront-ils-prives-de-vacances-cette-annee\/\" \/>\n<meta property=\"og:site_name\" content=\"Objectif CASH\" \/>\n<meta property=\"article:published_time\" content=\"2020-07-28T13:26:00+00:00\" \/>\n<meta property=\"article:modified_time\" content=\"2020-08-28T13:05:53+00:00\" \/>\n<meta property=\"og:image\" content=\"https:\/\/objectif-cash.com\/wp-content\/uploads\/2020\/07\/c83ae7_cc8e4c076bda4c3bbc76ec7a7a492270_mv2.jpg\" \/>\n\t<meta property=\"og:image:width\" content=\"700\" \/>\n\t<meta property=\"og:image:height\" content=\"420\" \/>\n\t<meta property=\"og:image:type\" content=\"image\/jpeg\" \/>\n<meta name=\"author\" content=\"admin\" \/>\n<meta name=\"twitter:card\" content=\"summary_large_image\" \/>\n<meta name=\"twitter:creator\" content=\"@objectifcash\" \/>\n<meta name=\"twitter:site\" content=\"@objectifcash\" \/>\n<meta name=\"twitter:label1\" content=\"Written by\" \/>\n\t<meta name=\"twitter:data1\" content=\"admin\" \/>\n\t<meta name=\"twitter:label2\" content=\"Est. reading time\" \/>\n\t<meta name=\"twitter:data2\" content=\"2 minutes\" \/>\n<script type=\"application\/ld+json\" class=\"yoast-schema-graph\">{\"@context\":\"https:\\\/\\\/schema.org\",\"@graph\":[{\"@type\":\"Article\",\"@id\":\"https:\\\/\\\/objectif-cash.com\\\/en\\\/management-prospective\\\/les-managers-de-transition-seront-ils-prives-de-vacances-cette-annee\\\/#article\",\"isPartOf\":{\"@id\":\"https:\\\/\\\/objectif-cash.com\\\/en\\\/management-prospective\\\/les-managers-de-transition-seront-ils-prives-de-vacances-cette-annee\\\/\"},\"author\":{\"name\":\"admin\",\"@id\":\"https:\\\/\\\/objectif-cash.com\\\/en\\\/#\\\/schema\\\/person\\\/94b3a8ded53e94b82686a07378921863\"},\"headline\":\"Les managers de transition seront-ils priv\u00e9s de vacances cette ann\u00e9e ?\",\"datePublished\":\"2020-07-28T13:26:00+00:00\",\"dateModified\":\"2020-08-28T13:05:53+00:00\",\"mainEntityOfPage\":{\"@id\":\"https:\\\/\\\/objectif-cash.com\\\/en\\\/management-prospective\\\/les-managers-de-transition-seront-ils-prives-de-vacances-cette-annee\\\/\"},\"wordCount\":453,\"publisher\":{\"@id\":\"https:\\\/\\\/objectif-cash.com\\\/en\\\/#organization\"},\"image\":{\"@id\":\"https:\\\/\\\/objectif-cash.com\\\/en\\\/management-prospective\\\/les-managers-de-transition-seront-ils-prives-de-vacances-cette-annee\\\/#primaryimage\"},\"thumbnailUrl\":\"https:\\\/\\\/objectif-cash.com\\\/wp-content\\\/uploads\\\/2020\\\/07\\\/c83ae7_cc8e4c076bda4c3bbc76ec7a7a492270_mv2.jpg\",\"articleSection\":[\"Management \\\/ Prospective\"],\"inLanguage\":\"en-US\"},{\"@type\":\"WebPage\",\"@id\":\"https:\\\/\\\/objectif-cash.com\\\/en\\\/management-prospective\\\/les-managers-de-transition-seront-ils-prives-de-vacances-cette-annee\\\/\",\"url\":\"https:\\\/\\\/objectif-cash.com\\\/en\\\/management-prospective\\\/les-managers-de-transition-seront-ils-prives-de-vacances-cette-annee\\\/\",\"name\":\"Les managers de transition seront-ils priv\u00e9s de vacances cette ann\u00e9e ?\",\"isPartOf\":{\"@id\":\"https:\\\/\\\/objectif-cash.com\\\/en\\\/#website\"},\"primaryImageOfPage\":{\"@id\":\"https:\\\/\\\/objectif-cash.com\\\/en\\\/management-prospective\\\/les-managers-de-transition-seront-ils-prives-de-vacances-cette-annee\\\/#primaryimage\"},\"image\":{\"@id\":\"https:\\\/\\\/objectif-cash.com\\\/en\\\/management-prospective\\\/les-managers-de-transition-seront-ils-prives-de-vacances-cette-annee\\\/#primaryimage\"},\"thumbnailUrl\":\"https:\\\/\\\/objectif-cash.com\\\/wp-content\\\/uploads\\\/2020\\\/07\\\/c83ae7_cc8e4c076bda4c3bbc76ec7a7a492270_mv2.jpg\",\"datePublished\":\"2020-07-28T13:26:00+00:00\",\"dateModified\":\"2020-08-28T13:05:53+00:00\",\"description\":\"D\u00e9couvrez notre article Les managers de transition seront-ils priv\u00e9s de vacances cette ann\u00e9e ? - Objectif CASH\",\"breadcrumb\":{\"@id\":\"https:\\\/\\\/objectif-cash.com\\\/en\\\/management-prospective\\\/les-managers-de-transition-seront-ils-prives-de-vacances-cette-annee\\\/#breadcrumb\"},\"inLanguage\":\"en-US\",\"potentialAction\":[{\"@type\":\"ReadAction\",\"target\":[\"https:\\\/\\\/objectif-cash.com\\\/en\\\/management-prospective\\\/les-managers-de-transition-seront-ils-prives-de-vacances-cette-annee\\\/\"]}]},{\"@type\":\"ImageObject\",\"inLanguage\":\"en-US\",\"@id\":\"https:\\\/\\\/objectif-cash.com\\\/en\\\/management-prospective\\\/les-managers-de-transition-seront-ils-prives-de-vacances-cette-annee\\\/#primaryimage\",\"url\":\"https:\\\/\\\/objectif-cash.com\\\/wp-content\\\/uploads\\\/2020\\\/07\\\/c83ae7_cc8e4c076bda4c3bbc76ec7a7a492270_mv2.jpg\",\"contentUrl\":\"https:\\\/\\\/objectif-cash.com\\\/wp-content\\\/uploads\\\/2020\\\/07\\\/c83ae7_cc8e4c076bda4c3bbc76ec7a7a492270_mv2.jpg\",\"width\":700,\"height\":420},{\"@type\":\"BreadcrumbList\",\"@id\":\"https:\\\/\\\/objectif-cash.com\\\/en\\\/management-prospective\\\/les-managers-de-transition-seront-ils-prives-de-vacances-cette-annee\\\/#breadcrumb\",\"itemListElement\":[{\"@type\":\"ListItem\",\"position\":1,\"name\":\"Home Page\",\"item\":\"https:\\\/\\\/objectif-cash.com\\\/en\\\/\"},{\"@type\":\"ListItem\",\"position\":2,\"name\":\"Les managers de transition seront-ils priv\u00e9s de vacances cette ann\u00e9e ?\"}]},{\"@type\":\"WebSite\",\"@id\":\"https:\\\/\\\/objectif-cash.com\\\/en\\\/#website\",\"url\":\"https:\\\/\\\/objectif-cash.com\\\/en\\\/\",\"name\":\"Objectif CASH\",\"description\":\"Specialist in Transition Management\",\"publisher\":{\"@id\":\"https:\\\/\\\/objectif-cash.com\\\/en\\\/#organization\"},\"potentialAction\":[{\"@type\":\"SearchAction\",\"target\":{\"@type\":\"EntryPoint\",\"urlTemplate\":\"https:\\\/\\\/objectif-cash.com\\\/en\\\/?s={search_term_string}\"},\"query-input\":{\"@type\":\"PropertyValueSpecification\",\"valueRequired\":true,\"valueName\":\"search_term_string\"}}],\"inLanguage\":\"en-US\"},{\"@type\":\"Organization\",\"@id\":\"https:\\\/\\\/objectif-cash.com\\\/en\\\/#organization\",\"name\":\"Objectif CASH\",\"url\":\"https:\\\/\\\/objectif-cash.com\\\/en\\\/\",\"logo\":{\"@type\":\"ImageObject\",\"inLanguage\":\"en-US\",\"@id\":\"https:\\\/\\\/objectif-cash.com\\\/en\\\/#\\\/schema\\\/logo\\\/image\\\/\",\"url\":\"https:\\\/\\\/objectif-cash.com\\\/wp-content\\\/uploads\\\/2020\\\/06\\\/logo-white.png\",\"contentUrl\":\"https:\\\/\\\/objectif-cash.com\\\/wp-content\\\/uploads\\\/2020\\\/06\\\/logo-white.png\",\"width\":376,\"height\":82,\"caption\":\"Objectif CASH\"},\"image\":{\"@id\":\"https:\\\/\\\/objectif-cash.com\\\/en\\\/#\\\/schema\\\/logo\\\/image\\\/\"},\"sameAs\":[\"https:\\\/\\\/x.com\\\/objectifcash\",\"https:\\\/\\\/www.linkedin.com\\\/company\\\/objectif-cash\",\"https:\\\/\\\/www.youtube.com\\\/user\\\/CitizenCASH\\\/videos\"]},{\"@type\":\"Person\",\"@id\":\"https:\\\/\\\/objectif-cash.com\\\/en\\\/#\\\/schema\\\/person\\\/94b3a8ded53e94b82686a07378921863\",\"name\":\"admin\",\"image\":{\"@type\":\"ImageObject\",\"inLanguage\":\"en-US\",\"@id\":\"https:\\\/\\\/secure.gravatar.com\\\/avatar\\\/671f8bbcdf90afb1cf31d52c71bbac873105d52b2263ddb5bea5ed1d8e1475d4?s=96&d=mm&r=g\",\"url\":\"https:\\\/\\\/secure.gravatar.com\\\/avatar\\\/671f8bbcdf90afb1cf31d52c71bbac873105d52b2263ddb5bea5ed1d8e1475d4?s=96&d=mm&r=g\",\"contentUrl\":\"https:\\\/\\\/secure.gravatar.com\\\/avatar\\\/671f8bbcdf90afb1cf31d52c71bbac873105d52b2263ddb5bea5ed1d8e1475d4?s=96&d=mm&r=g\",\"caption\":\"admin\"}}]}<\/script>\n<!-- \/ Yoast SEO plugin. -->","yoast_head_json":{"title":"Les managers de transition seront-ils priv\u00e9s de vacances cette ann\u00e9e ?","description":"D\u00e9couvrez notre article Les managers de transition seront-ils priv\u00e9s de vacances cette ann\u00e9e ? - Objectif CASH","canonical":"https:\/\/objectif-cash.com\/en\/management-prospective\/les-managers-de-transition-seront-ils-prives-de-vacances-cette-annee\/","og_locale":"en_US","og_type":"article","og_title":"Les managers de transition seront-ils priv\u00e9s de vacances cette ann\u00e9e ?","og_description":"D\u00e9couvrez notre article Les managers de transition seront-ils priv\u00e9s de vacances cette ann\u00e9e ? - Objectif CASH","og_url":"https:\/\/objectif-cash.com\/en\/management-prospective\/les-managers-de-transition-seront-ils-prives-de-vacances-cette-annee\/","og_site_name":"Objectif CASH","article_published_time":"2020-07-28T13:26:00+00:00","article_modified_time":"2020-08-28T13:05:53+00:00","og_image":[{"width":700,"height":420,"url":"https:\/\/objectif-cash.com\/wp-content\/uploads\/2020\/07\/c83ae7_cc8e4c076bda4c3bbc76ec7a7a492270_mv2.jpg","type":"image\/jpeg"}],"author":"admin","twitter_card":"summary_large_image","twitter_creator":"@objectifcash","twitter_site":"@objectifcash","twitter_misc":{"Written by":"admin","Est. reading time":"2 minutes"},"schema":{"@context":"https:\/\/schema.org","@graph":[{"@type":"Article","@id":"https:\/\/objectif-cash.com\/en\/management-prospective\/les-managers-de-transition-seront-ils-prives-de-vacances-cette-annee\/#article","isPartOf":{"@id":"https:\/\/objectif-cash.com\/en\/management-prospective\/les-managers-de-transition-seront-ils-prives-de-vacances-cette-annee\/"},"author":{"name":"admin","@id":"https:\/\/objectif-cash.com\/en\/#\/schema\/person\/94b3a8ded53e94b82686a07378921863"},"headline":"Les managers de transition seront-ils priv\u00e9s de vacances cette ann\u00e9e ?","datePublished":"2020-07-28T13:26:00+00:00","dateModified":"2020-08-28T13:05:53+00:00","mainEntityOfPage":{"@id":"https:\/\/objectif-cash.com\/en\/management-prospective\/les-managers-de-transition-seront-ils-prives-de-vacances-cette-annee\/"},"wordCount":453,"publisher":{"@id":"https:\/\/objectif-cash.com\/en\/#organization"},"image":{"@id":"https:\/\/objectif-cash.com\/en\/management-prospective\/les-managers-de-transition-seront-ils-prives-de-vacances-cette-annee\/#primaryimage"},"thumbnailUrl":"https:\/\/objectif-cash.com\/wp-content\/uploads\/2020\/07\/c83ae7_cc8e4c076bda4c3bbc76ec7a7a492270_mv2.jpg","articleSection":["Management \/ Prospective"],"inLanguage":"en-US"},{"@type":"WebPage","@id":"https:\/\/objectif-cash.com\/en\/management-prospective\/les-managers-de-transition-seront-ils-prives-de-vacances-cette-annee\/","url":"https:\/\/objectif-cash.com\/en\/management-prospective\/les-managers-de-transition-seront-ils-prives-de-vacances-cette-annee\/","name":"Les managers de transition seront-ils priv\u00e9s de vacances cette ann\u00e9e ?","isPartOf":{"@id":"https:\/\/objectif-cash.com\/en\/#website"},"primaryImageOfPage":{"@id":"https:\/\/objectif-cash.com\/en\/management-prospective\/les-managers-de-transition-seront-ils-prives-de-vacances-cette-annee\/#primaryimage"},"image":{"@id":"https:\/\/objectif-cash.com\/en\/management-prospective\/les-managers-de-transition-seront-ils-prives-de-vacances-cette-annee\/#primaryimage"},"thumbnailUrl":"https:\/\/objectif-cash.com\/wp-content\/uploads\/2020\/07\/c83ae7_cc8e4c076bda4c3bbc76ec7a7a492270_mv2.jpg","datePublished":"2020-07-28T13:26:00+00:00","dateModified":"2020-08-28T13:05:53+00:00","description":"D\u00e9couvrez notre article Les managers de transition seront-ils priv\u00e9s de vacances cette ann\u00e9e ? - Objectif CASH","breadcrumb":{"@id":"https:\/\/objectif-cash.com\/en\/management-prospective\/les-managers-de-transition-seront-ils-prives-de-vacances-cette-annee\/#breadcrumb"},"inLanguage":"en-US","potentialAction":[{"@type":"ReadAction","target":["https:\/\/objectif-cash.com\/en\/management-prospective\/les-managers-de-transition-seront-ils-prives-de-vacances-cette-annee\/"]}]},{"@type":"ImageObject","inLanguage":"en-US","@id":"https:\/\/objectif-cash.com\/en\/management-prospective\/les-managers-de-transition-seront-ils-prives-de-vacances-cette-annee\/#primaryimage","url":"https:\/\/objectif-cash.com\/wp-content\/uploads\/2020\/07\/c83ae7_cc8e4c076bda4c3bbc76ec7a7a492270_mv2.jpg","contentUrl":"https:\/\/objectif-cash.com\/wp-content\/uploads\/2020\/07\/c83ae7_cc8e4c076bda4c3bbc76ec7a7a492270_mv2.jpg","width":700,"height":420},{"@type":"BreadcrumbList","@id":"https:\/\/objectif-cash.com\/en\/management-prospective\/les-managers-de-transition-seront-ils-prives-de-vacances-cette-annee\/#breadcrumb","itemListElement":[{"@type":"ListItem","position":1,"name":"Home Page","item":"https:\/\/objectif-cash.com\/en\/"},{"@type":"ListItem","position":2,"name":"Les managers de transition seront-ils priv\u00e9s de vacances cette ann\u00e9e ?"}]},{"@type":"WebSite","@id":"https:\/\/objectif-cash.com\/en\/#website","url":"https:\/\/objectif-cash.com\/en\/","name":"Objectif CASH","description":"Specialist in Transition Management","publisher":{"@id":"https:\/\/objectif-cash.com\/en\/#organization"},"potentialAction":[{"@type":"SearchAction","target":{"@type":"EntryPoint","urlTemplate":"https:\/\/objectif-cash.com\/en\/?s={search_term_string}"},"query-input":{"@type":"PropertyValueSpecification","valueRequired":true,"valueName":"search_term_string"}}],"inLanguage":"en-US"},{"@type":"Organization","@id":"https:\/\/objectif-cash.com\/en\/#organization","name":"Objectif CASH","url":"https:\/\/objectif-cash.com\/en\/","logo":{"@type":"ImageObject","inLanguage":"en-US","@id":"https:\/\/objectif-cash.com\/en\/#\/schema\/logo\/image\/","url":"https:\/\/objectif-cash.com\/wp-content\/uploads\/2020\/06\/logo-white.png","contentUrl":"https:\/\/objectif-cash.com\/wp-content\/uploads\/2020\/06\/logo-white.png","width":376,"height":82,"caption":"Objectif CASH"},"image":{"@id":"https:\/\/objectif-cash.com\/en\/#\/schema\/logo\/image\/"},"sameAs":["https:\/\/x.com\/objectifcash","https:\/\/www.linkedin.com\/company\/objectif-cash","https:\/\/www.youtube.com\/user\/CitizenCASH\/videos"]},{"@type":"Person","@id":"https:\/\/objectif-cash.com\/en\/#\/schema\/person\/94b3a8ded53e94b82686a07378921863","name":"admin","image":{"@type":"ImageObject","inLanguage":"en-US","@id":"https:\/\/secure.gravatar.com\/avatar\/671f8bbcdf90afb1cf31d52c71bbac873105d52b2263ddb5bea5ed1d8e1475d4?s=96&d=mm&r=g","url":"https:\/\/secure.gravatar.com\/avatar\/671f8bbcdf90afb1cf31d52c71bbac873105d52b2263ddb5bea5ed1d8e1475d4?s=96&d=mm&r=g","contentUrl":"https:\/\/secure.gravatar.com\/avatar\/671f8bbcdf90afb1cf31d52c71bbac873105d52b2263ddb5bea5ed1d8e1475d4?s=96&d=mm&r=g","caption":"admin"}}]}},"_links":{"self":[{"href":"https:\/\/objectif-cash.com\/en\/wp-json\/wp\/v2\/posts\/2648","targetHints":{"allow":["GET"]}}],"collection":[{"href":"https:\/\/objectif-cash.com\/en\/wp-json\/wp\/v2\/posts"}],"about":[{"href":"https:\/\/objectif-cash.com\/en\/wp-json\/wp\/v2\/types\/post"}],"author":[{"embeddable":true,"href":"https:\/\/objectif-cash.com\/en\/wp-json\/wp\/v2\/users\/1"}],"replies":[{"embeddable":true,"href":"https:\/\/objectif-cash.com\/en\/wp-json\/wp\/v2\/comments?post=2648"}],"version-history":[{"count":2,"href":"https:\/\/objectif-cash.com\/en\/wp-json\/wp\/v2\/posts\/2648\/revisions"}],"predecessor-version":[{"id":2980,"href":"https:\/\/objectif-cash.com\/en\/wp-json\/wp\/v2\/posts\/2648\/revisions\/2980"}],"wp:featuredmedia":[{"embeddable":true,"href":"https:\/\/objectif-cash.com\/en\/wp-json\/wp\/v2\/media\/2649"}],"wp:attachment":[{"href":"https:\/\/objectif-cash.com\/en\/wp-json\/wp\/v2\/media?parent=2648"}],"wp:term":[{"taxonomy":"category","embeddable":true,"href":"https:\/\/objectif-cash.com\/en\/wp-json\/wp\/v2\/categories?post=2648"},{"taxonomy":"post_tag","embeddable":true,"href":"https:\/\/objectif-cash.com\/en\/wp-json\/wp\/v2\/tags?post=2648"}],"curies":[{"name":"wp","href":"https:\/\/api.w.org\/{rel}","templated":true}]}}