{"id":1501,"date":"2018-07-30T00:00:00","date_gmt":"2018-07-30T00:00:00","guid":{"rendered":"https:\/\/objectif-cash.com\/vite-vite-se-reconcilier-avant-les-vacances\/"},"modified":"2020-08-26T13:12:03","modified_gmt":"2020-08-26T11:12:03","slug":"vite-vite-se-reconcilier-avant-les-vacances","status":"publish","type":"post","link":"https:\/\/objectif-cash.com\/en\/management-prospective\/vite-vite-se-reconcilier-avant-les-vacances\/","title":{"rendered":"Vite, vite&#8230; se r\u00e9concilier avant les vacances !"},"content":{"rendered":"<div>\n<p><strong>Affaire BENALLA :<em> Et si on enterrait la hache de guerre ?<\/em><\/strong><\/p>\n<div>\n<div>\n<div data-hook=\"imageViewer\">\n<div><img decoding=\"async\" src=\"https:\/\/objectif-cash.com\/wp-content\/uploads\/2020\/07\/10_file.jpg\" alt=\"\" data-pin-url=\"https:\/\/oliviasieber.wixsite.com\/objectifcash\/post\/vite-vite-se-r%C3%A9concilier-avant-les-vacances\" data-pin-media=\"https:\/\/static.wixstatic.com\/media\/c83ae7_9c7bafa8dbf24dda8066349a720e193e~mv2.jpg\/v1\/fit\/w_684,h_513,al_c,q_80\/file.png\"><\/div>\n<\/div>\n<\/div>\n<\/div>\n<p>Les medias ne parlent plus que de cela\u2026Benalla par ci\u2026Benalla par l\u00e0\u2026<\/p>\n<p>D\u2019un c\u00f4t\u00e9, sur une premi\u00e8re vid\u00e9o on le voit, arborant un brassard de Police, \u00ab se l\u00e2cher \u00bb sur un manifestant. De l\u2019autre, on voit son avocat nous expliquer que c\u2019est un \u00ab bon gars \u00bb, certes un peu fougueux, et commenter une seconde vid\u00e9o o\u00f9 on voit le \u00ab bon gars \u00bb venir pr\u00eater main forte aux policiers parce qu\u2019ils \u00e9taient \u00ab d\u00e9pass\u00e9s par les \u00e9v\u00e9nements \u00bb.<\/p>\n<p><strong>Un h\u00e9ros ? Que fait la R\u00e9publique ? Vite, vite \u2026Une m\u00e9daille ! <\/strong><\/p>\n<p>Qui croire ?<\/p>\n<p>Pas si simple !<\/p>\n<p>Dans toutes les entreprises, toutes les organisations, il y a un \u00ab vilain petit canard \u00bb, un gar\u00e7on ou une fille, jeune ou moins jeune, impulsif, ou tout au moins plus entreprenant ou plus agit\u00e9 que les autres, qui se la joue <em>Cow Boy<\/em> ou <em>Calamity Jane<\/em> et qui, \u00e0 un moment o\u00f9 un autre, disjoncte ou fait, comme on dit en ce moment, \u00ab un d\u00e9passement de fonction \u00bb.<\/p>\n<p><strong>\u00ab <em>D\u00e9passement de fonction<\/em> \u00bb \u2026Voil\u00e0 l\u2019expression \u00e0 la mode ! <\/strong><\/p>\n<p>C\u2019est le Contr\u00f4leur de Gestion qui, pendant la pause d\u00e9jeuner, se d\u00e9guise en jardinier pour aller couper des roses dans le massif de fleurs en face du bureau du Pr\u00e9sident et les offre ensuite \u00e0 la standardiste pour son retour de cong\u00e9 maternit\u00e9 \u2026<\/p>\n<p>C\u2019est le Gestionnaire ADV, un peu turbulent, qui, non content de sa prime semestrielle, d\u00e9branche les cam\u00e9ras de s\u00e9curit\u00e9 et dessine au feutre des cheveux et une moustache sur le portrait du fondateur du Groupe (l\u2019arri\u00e8re-grand-p\u00e8re de l\u2019actuel Pr\u00e9sident) dans le hall de l\u2019entr\u00e9e\u2026<\/p>\n<p>C\u2019est l\u2019Adjointe du DRH qui organise pendant la Coupe du Monde un concours de p\u00e9nalty \u00e0 la cantine. R\u00e9sultats : une bagarre de petits suisses, deux carreaux de cass\u00e9s et une cheville tordue avec deux mois d\u2019arr\u00eat de travail \u00e0 la cl\u00e9\u2026<\/p>\n<p>C\u2019est le Comptable Immobilisations qui pour \u00ab aider \u00bb ou \u00ab faire une farce \u00bb au chauffeur du CEO, emprunte les cl\u00e9s de la nouvelle Audi \u00e0 la conciergerie et emm\u00e8ne ses coll\u00e8gues des Achats faire le tour du quartier \u2026Distrait ou stress\u00e9, il plante le v\u00e9hicule sur le parking de Carrefour en face du si\u00e8ge de l\u2019entreprise\u2026<\/p>\n<p><strong>Que faire ? Sanctionner ? Passer l\u2019\u00e9ponge ? <\/strong><\/p>\n<p>D\u2019un c\u00f4t\u00e9 le \u00ab turbulent \u00bb a fait une b\u00eatise, une faute, une cagade. Qu\u2019est ce qui a bien pu lui passer par la t\u00eate ?<\/p>\n<p>Il faut marquer le coup.<\/p>\n<p><strong><u>Et en m\u00eame temps<\/u><\/strong> \u2026<\/p>\n<p>D\u2019un autre c\u00f4t\u00e9 , on a tous de l\u2019affection voire de l\u2019estime pour celui ou celle qui a mis tout le monde dans l\u2019embarras\u2026 L\u2019affaire n\u2019est pas si grave disent certains \u2026Il n\u2019y a pas eu mort d\u2019homme disent d\u2019autres\u2026Beaucoup ont m\u00eame de l\u2019admiration pour son audace. Il ou elle a brav\u00e9 le syst\u00e8me \u2026<\/p>\n<p>Tous les managers sont pass\u00e9s par l\u00e0\u2026Tous ont eu ce m\u00eame dilemme \u00e0 g\u00e9rer. Ou alors ce sont mes managers de salon ou d\u2019op\u00e9rette\u2026<\/p>\n<p><strong>Mais pourquoi vous vous inqui\u00e9tez puisque l\u2019on vous dit que le Pr\u00e9sident a dit :<\/strong><\/p>\n<p>&#8211; \u00ab Je suis responsable de tout ! \u00bb<\/p>\n<p>&#8211; \u00ab La sanction \u00e9tait proportionn\u00e9e \u2026 \u00bb<\/p>\n<p>Le Pr\u00e9sident, il sait ce qu\u2019il fait ! Non ?<\/p>\n<p><strong>Circulez, il n\u2019y a rien \u00e0 voir \u2026<\/strong><\/p>\n<p>Donc le \u00ab vilain petit canard \u00bb n\u2019a rien fait\u2026ou pas grand-chose\u2026Le responsable, c\u2019est le Pr\u00e9sident.<\/p>\n<p>Et c\u2019est quoi la sanction pour un Pr\u00e9sident un peu \u00ab mou du genou \u00bb c\u00f4t\u00e9 sanction ?<\/p>\n<p>Priv\u00e9 de dessert ?<\/p>\n<p><strong>Jupiter \u2026Priv\u00e9 de dessert ? <\/strong><\/p>\n<p>Et c\u2019est qui pour appliquer la sanction ?<\/p>\n<p>Brigitte ?<\/p>\n<p>Bonne derni\u00e8re semaine de travail ou si vous \u00eates d\u00e9j\u00e0 en vacances, bonnes vacances.<\/p>\n<p>David BRAULT<\/p>\n<p><strong>Objectif CASH <\/strong><\/p>\n<\/div>\n","protected":false},"excerpt":{"rendered":"<div>\n<p><strong>Affaire BENALLA :<em> Et si on enterrait la hache de guerre ?<\/em><\/strong><\/p>\n<div>\n<div>\n<div data-hook=\"imageViewer\">\n<div><img decoding=\"async\" src=\"https:\/\/static.wixstatic.com\/media\/c83ae7_9c7bafa8dbf24dda8066349a720e193e~mv2.jpg\/v1\/fit\/w_300,h_300,al_c,q_5\/file.jpg\" alt=\"\" data-pin-url=\"https:\/\/oliviasieber.wixsite.com\/objectifcash\/post\/vite-vite-se-r%C3%A9concilier-avant-les-vacances\" data-pin-media=\"https:\/\/static.wixstatic.com\/media\/c83ae7_9c7bafa8dbf24dda8066349a720e193e~mv2.jpg\/v1\/fit\/w_684,h_513,al_c,q_80\/file.png\" \/><img decoding=\"async\" src=\"https:\/\/static.wixstatic.com\/media\/c83ae7_9c7bafa8dbf24dda8066349a720e193e~mv2.jpg\/v1\/fill\/w_360,h_270,al_c,q_90,usm_0.66_1.00_0.01\/c83ae7_9c7bafa8dbf24dda8066349a720e193e~mv2.webp\" alt=\"\" data-pin-url=\"https:\/\/oliviasieber.wixsite.com\/objectifcash\/post\/vite-vite-se-r%C3%A9concilier-avant-les-vacances\" data-pin-media=\"https:\/\/static.wixstatic.com\/media\/c83ae7_9c7bafa8dbf24dda8066349a720e193e~mv2.jpg\/v1\/fit\/w_684,h_513,al_c,q_80\/file.png\" \/><\/div>\n<\/div>\n<\/div>\n<\/div>\n<p>Les medias ne parlent plus que de cela&hellip;Benalla par ci&hellip;Benalla par l&agrave;&hellip;<\/p>\n<p>D&rsquo;un c&ocirc;t&eacute;, sur une premi&egrave;re vid&eacute;o on le voit, arborant un brassard de Police, &laquo; se l&acirc;cher &raquo; sur un manifestant. De l&rsquo;autre, on voit son avocat nous expliquer que c&rsquo;est un &laquo; bon gars &raquo;, certes un peu fougueux, et commenter une seconde vid&eacute;o o&ugrave; on voit le &laquo; bon gars &raquo; venir pr&ecirc;ter main forte aux policiers parce qu&rsquo;ils &eacute;taient &laquo; d&eacute;pass&eacute;s par les &eacute;v&eacute;nements &raquo;.<\/p>\n<p><strong>Un h&eacute;ros ? Que fait la R&eacute;publique ? Vite, vite &hellip;Une m&eacute;daille ! <\/strong><\/p>\n<p>Qui croire ?<\/p>\n<p>Pas si simple !<\/p>\n<p>Dans toutes les entreprises, toutes les organisations, il y a un &laquo; vilain petit canard &raquo;, un gar&ccedil;on ou une fille, jeune ou moins jeune, impulsif, ou tout au moins plus entreprenant ou plus agit&eacute; que les autres, qui se la joue <em>Cow Boy<\/em> ou <em>Calamity Jane<\/em> et qui, &agrave; un moment o&ugrave; un autre, disjoncte ou fait, comme on dit en ce moment, &laquo; un d&eacute;passement de fonction &raquo;.<\/p>\n<p><strong>&laquo; <em>D&eacute;passement de fonction<\/em> &raquo; &hellip;Voil&agrave; l&rsquo;expression &agrave; la mode ! <\/strong><\/p>\n<p>C&rsquo;est le Contr&ocirc;leur de Gestion qui, pendant la pause d&eacute;jeuner, se d&eacute;guise en jardinier pour aller couper des roses dans le massif de fleurs en face du bureau du Pr&eacute;sident et les offre ensuite &agrave; la standardiste pour son retour de cong&eacute; maternit&eacute; &hellip;<\/p>\n<p>C&rsquo;est le Gestionnaire ADV, un peu turbulent, qui, non content de sa prime semestrielle, d&eacute;branche les cam&eacute;ras de s&eacute;curit&eacute; et dessine au feutre des cheveux et une moustache sur le portrait du fondateur du Groupe (l&rsquo;arri&egrave;re-grand-p&egrave;re de l&rsquo;actuel Pr&eacute;sident) dans le hall de l&rsquo;entr&eacute;e&hellip;<\/p>\n<p>C&rsquo;est l&rsquo;Adjointe du DRH qui organise pendant la Coupe du Monde un concours de p&eacute;nalty &agrave; la cantine. R&eacute;sultats : une bagarre de petits suisses, deux carreaux de cass&eacute;s et une cheville tordue avec deux mois d&rsquo;arr&ecirc;t de travail &agrave; la cl&eacute;&hellip;<\/p>\n<p>C&rsquo;est le Comptable Immobilisations qui pour &laquo; aider &raquo; ou &laquo; faire une farce &raquo; au chauffeur du CEO, emprunte les cl&eacute;s de la nouvelle Audi &agrave; la conciergerie et emm&egrave;ne ses coll&egrave;gues des Achats faire le tour du quartier &hellip;Distrait ou stress&eacute;, il plante le v&eacute;hicule sur le parking de Carrefour en face du si&egrave;ge de l&rsquo;entreprise&hellip;<\/p>\n<p><strong>Que faire ? Sanctionner ? Passer l&rsquo;&eacute;ponge ? <\/strong><\/p>\n<p>D&rsquo;un c&ocirc;t&eacute; le &laquo; turbulent &raquo; a fait une b&ecirc;tise, une faute, une cagade. Qu&rsquo;est ce qui a bien pu lui passer par la t&ecirc;te ?<\/p>\n<p>Il faut marquer le coup.<\/p>\n<p><strong><u>Et en m&ecirc;me temps<\/u><\/strong> &hellip;<\/p>\n<p>D&rsquo;un autre c&ocirc;t&eacute; , on a tous de l&rsquo;affection voire de l&rsquo;estime pour celui ou celle qui a mis tout le monde dans l&rsquo;embarras&hellip; L&rsquo;affaire n&rsquo;est pas si grave disent certains &hellip;Il n&rsquo;y a pas eu mort d&rsquo;homme disent d&rsquo;autres&hellip;Beaucoup ont m&ecirc;me de l&rsquo;admiration pour son audace. Il ou elle a brav&eacute; le syst&egrave;me &hellip;<\/p>\n<p>Tous les managers sont pass&eacute;s par l&agrave;&hellip;Tous ont eu ce m&ecirc;me dilemme &agrave; g&eacute;rer. Ou alors ce sont mes managers de salon ou d&rsquo;op&eacute;rette&hellip;<\/p>\n<p><strong>Mais pourquoi vous vous inqui&eacute;tez puisque l&rsquo;on vous dit que le Pr&eacute;sident a dit :<\/strong><\/p>\n<p>&#8211; &laquo; Je suis responsable de tout ! &raquo;<\/p>\n<p>&#8211; &laquo; La sanction &eacute;tait proportionn&eacute;e &hellip; &raquo;<\/p>\n<p>Le Pr&eacute;sident, il sait ce qu&rsquo;il fait ! Non ?<\/p>\n<p><strong>Circulez, il n&rsquo;y a rien &agrave; voir &hellip;<\/strong><\/p>\n<p>Donc le &laquo; vilain petit canard &raquo; n&rsquo;a rien fait&hellip;ou pas grand-chose&hellip;Le responsable, c&rsquo;est le Pr&eacute;sident.<\/p>\n<p>Et c&rsquo;est quoi la sanction pour un Pr&eacute;sident un peu &laquo; mou du genou &raquo; c&ocirc;t&eacute; sanction ?<\/p>\n<p>Priv&eacute; de dessert ?<\/p>\n<p><strong>Jupiter &hellip;Priv&eacute; de dessert ? <\/strong><\/p>\n<p>Et c&rsquo;est qui pour appliquer la sanction ?<\/p>\n<p>Brigitte ?<\/p>\n<p>Bonne derni&egrave;re semaine de travail ou si vous &ecirc;tes d&eacute;j&agrave; en vacances, bonnes vacances.<\/p>\n<p>David BRAULT<\/p>\n<p><strong>Objectif CASH <\/strong><\/p>\n<\/div>\n","protected":false},"author":1,"featured_media":1044,"comment_status":"open","ping_status":"closed","sticky":false,"template":"","format":"standard","meta":{"_acf_changed":false,"footnotes":""},"categories":[28],"tags":[],"class_list":["post-1501","post","type-post","status-publish","format-standard","has-post-thumbnail","hentry","category-management-prospective"],"acf":[],"yoast_head":"<!-- This site is optimized with the Yoast SEO plugin v27.5 - https:\/\/yoast.com\/product\/yoast-seo-wordpress\/ -->\n<title>Vite, vite... se r\u00e9concilier avant les vacances ! - Objectif CASH<\/title>\n<meta name=\"description\" content=\"D\u00e9couvrez notre article Vite, vite... se r\u00e9concilier avant les vacances ! - Objectif CASH\" \/>\n<link rel=\"canonical\" href=\"https:\/\/objectif-cash.com\/en\/management-prospective\/vite-vite-se-reconcilier-avant-les-vacances\/\" \/>\n<meta property=\"og:locale\" content=\"en_US\" \/>\n<meta property=\"og:type\" content=\"article\" \/>\n<meta property=\"og:title\" content=\"Vite, vite... se r\u00e9concilier avant les vacances ! - Objectif CASH\" \/>\n<meta property=\"og:description\" content=\"D\u00e9couvrez notre article Vite, vite... se r\u00e9concilier avant les vacances ! - Objectif CASH\" \/>\n<meta property=\"og:url\" content=\"https:\/\/objectif-cash.com\/en\/management-prospective\/vite-vite-se-reconcilier-avant-les-vacances\/\" \/>\n<meta property=\"og:site_name\" content=\"Objectif CASH\" \/>\n<meta property=\"article:published_time\" content=\"2018-07-30T00:00:00+00:00\" \/>\n<meta property=\"article:modified_time\" content=\"2020-08-26T11:12:03+00:00\" \/>\n<meta property=\"og:image\" content=\"https:\/\/objectif-cash.com\/wp-content\/uploads\/2020\/07\/c83ae7_9c7bafa8dbf24dda8066349a720e193emv2.jpg\" \/>\n\t<meta property=\"og:image:width\" content=\"684\" \/>\n\t<meta property=\"og:image:height\" content=\"513\" \/>\n\t<meta property=\"og:image:type\" content=\"image\/jpeg\" \/>\n<meta name=\"author\" content=\"admin\" \/>\n<meta name=\"twitter:card\" content=\"summary_large_image\" \/>\n<meta name=\"twitter:creator\" content=\"@objectifcash\" \/>\n<meta name=\"twitter:site\" content=\"@objectifcash\" \/>\n<meta name=\"twitter:label1\" content=\"Written by\" \/>\n\t<meta name=\"twitter:data1\" content=\"admin\" \/>\n\t<meta name=\"twitter:label2\" content=\"Est. reading time\" \/>\n\t<meta name=\"twitter:data2\" content=\"3 minutes\" \/>\n<script type=\"application\/ld+json\" class=\"yoast-schema-graph\">{\"@context\":\"https:\\\/\\\/schema.org\",\"@graph\":[{\"@type\":\"Article\",\"@id\":\"https:\\\/\\\/objectif-cash.com\\\/en\\\/management-prospective\\\/vite-vite-se-reconcilier-avant-les-vacances\\\/#article\",\"isPartOf\":{\"@id\":\"https:\\\/\\\/objectif-cash.com\\\/en\\\/management-prospective\\\/vite-vite-se-reconcilier-avant-les-vacances\\\/\"},\"author\":{\"name\":\"admin\",\"@id\":\"https:\\\/\\\/objectif-cash.com\\\/en\\\/#\\\/schema\\\/person\\\/94b3a8ded53e94b82686a07378921863\"},\"headline\":\"Vite, vite&#8230; se r\u00e9concilier avant les vacances !\",\"datePublished\":\"2018-07-30T00:00:00+00:00\",\"dateModified\":\"2020-08-26T11:12:03+00:00\",\"mainEntityOfPage\":{\"@id\":\"https:\\\/\\\/objectif-cash.com\\\/en\\\/management-prospective\\\/vite-vite-se-reconcilier-avant-les-vacances\\\/\"},\"wordCount\":666,\"commentCount\":0,\"publisher\":{\"@id\":\"https:\\\/\\\/objectif-cash.com\\\/en\\\/#organization\"},\"image\":{\"@id\":\"https:\\\/\\\/objectif-cash.com\\\/en\\\/management-prospective\\\/vite-vite-se-reconcilier-avant-les-vacances\\\/#primaryimage\"},\"thumbnailUrl\":\"https:\\\/\\\/objectif-cash.com\\\/wp-content\\\/uploads\\\/2020\\\/07\\\/c83ae7_9c7bafa8dbf24dda8066349a720e193emv2.jpg\",\"articleSection\":[\"Management \\\/ Prospective\"],\"inLanguage\":\"en-US\"},{\"@type\":\"WebPage\",\"@id\":\"https:\\\/\\\/objectif-cash.com\\\/en\\\/management-prospective\\\/vite-vite-se-reconcilier-avant-les-vacances\\\/\",\"url\":\"https:\\\/\\\/objectif-cash.com\\\/en\\\/management-prospective\\\/vite-vite-se-reconcilier-avant-les-vacances\\\/\",\"name\":\"Vite, vite... se r\u00e9concilier avant les vacances ! - Objectif CASH\",\"isPartOf\":{\"@id\":\"https:\\\/\\\/objectif-cash.com\\\/en\\\/#website\"},\"primaryImageOfPage\":{\"@id\":\"https:\\\/\\\/objectif-cash.com\\\/en\\\/management-prospective\\\/vite-vite-se-reconcilier-avant-les-vacances\\\/#primaryimage\"},\"image\":{\"@id\":\"https:\\\/\\\/objectif-cash.com\\\/en\\\/management-prospective\\\/vite-vite-se-reconcilier-avant-les-vacances\\\/#primaryimage\"},\"thumbnailUrl\":\"https:\\\/\\\/objectif-cash.com\\\/wp-content\\\/uploads\\\/2020\\\/07\\\/c83ae7_9c7bafa8dbf24dda8066349a720e193emv2.jpg\",\"datePublished\":\"2018-07-30T00:00:00+00:00\",\"dateModified\":\"2020-08-26T11:12:03+00:00\",\"description\":\"D\u00e9couvrez notre article Vite, vite... se r\u00e9concilier avant les vacances ! - Objectif CASH\",\"breadcrumb\":{\"@id\":\"https:\\\/\\\/objectif-cash.com\\\/en\\\/management-prospective\\\/vite-vite-se-reconcilier-avant-les-vacances\\\/#breadcrumb\"},\"inLanguage\":\"en-US\",\"potentialAction\":[{\"@type\":\"ReadAction\",\"target\":[\"https:\\\/\\\/objectif-cash.com\\\/en\\\/management-prospective\\\/vite-vite-se-reconcilier-avant-les-vacances\\\/\"]}]},{\"@type\":\"ImageObject\",\"inLanguage\":\"en-US\",\"@id\":\"https:\\\/\\\/objectif-cash.com\\\/en\\\/management-prospective\\\/vite-vite-se-reconcilier-avant-les-vacances\\\/#primaryimage\",\"url\":\"https:\\\/\\\/objectif-cash.com\\\/wp-content\\\/uploads\\\/2020\\\/07\\\/c83ae7_9c7bafa8dbf24dda8066349a720e193emv2.jpg\",\"contentUrl\":\"https:\\\/\\\/objectif-cash.com\\\/wp-content\\\/uploads\\\/2020\\\/07\\\/c83ae7_9c7bafa8dbf24dda8066349a720e193emv2.jpg\",\"width\":684,\"height\":513},{\"@type\":\"BreadcrumbList\",\"@id\":\"https:\\\/\\\/objectif-cash.com\\\/en\\\/management-prospective\\\/vite-vite-se-reconcilier-avant-les-vacances\\\/#breadcrumb\",\"itemListElement\":[{\"@type\":\"ListItem\",\"position\":1,\"name\":\"Home Page\",\"item\":\"https:\\\/\\\/objectif-cash.com\\\/en\\\/\"},{\"@type\":\"ListItem\",\"position\":2,\"name\":\"Vite, vite&#8230; se r\u00e9concilier avant les vacances !\"}]},{\"@type\":\"WebSite\",\"@id\":\"https:\\\/\\\/objectif-cash.com\\\/en\\\/#website\",\"url\":\"https:\\\/\\\/objectif-cash.com\\\/en\\\/\",\"name\":\"Objectif CASH\",\"description\":\"Specialist in Transition Management\",\"publisher\":{\"@id\":\"https:\\\/\\\/objectif-cash.com\\\/en\\\/#organization\"},\"potentialAction\":[{\"@type\":\"SearchAction\",\"target\":{\"@type\":\"EntryPoint\",\"urlTemplate\":\"https:\\\/\\\/objectif-cash.com\\\/en\\\/?s={search_term_string}\"},\"query-input\":{\"@type\":\"PropertyValueSpecification\",\"valueRequired\":true,\"valueName\":\"search_term_string\"}}],\"inLanguage\":\"en-US\"},{\"@type\":\"Organization\",\"@id\":\"https:\\\/\\\/objectif-cash.com\\\/en\\\/#organization\",\"name\":\"Objectif CASH\",\"url\":\"https:\\\/\\\/objectif-cash.com\\\/en\\\/\",\"logo\":{\"@type\":\"ImageObject\",\"inLanguage\":\"en-US\",\"@id\":\"https:\\\/\\\/objectif-cash.com\\\/en\\\/#\\\/schema\\\/logo\\\/image\\\/\",\"url\":\"https:\\\/\\\/objectif-cash.com\\\/wp-content\\\/uploads\\\/2020\\\/06\\\/logo-white.png\",\"contentUrl\":\"https:\\\/\\\/objectif-cash.com\\\/wp-content\\\/uploads\\\/2020\\\/06\\\/logo-white.png\",\"width\":376,\"height\":82,\"caption\":\"Objectif CASH\"},\"image\":{\"@id\":\"https:\\\/\\\/objectif-cash.com\\\/en\\\/#\\\/schema\\\/logo\\\/image\\\/\"},\"sameAs\":[\"https:\\\/\\\/x.com\\\/objectifcash\",\"https:\\\/\\\/www.linkedin.com\\\/company\\\/objectif-cash\",\"https:\\\/\\\/www.youtube.com\\\/user\\\/CitizenCASH\\\/videos\"]},{\"@type\":\"Person\",\"@id\":\"https:\\\/\\\/objectif-cash.com\\\/en\\\/#\\\/schema\\\/person\\\/94b3a8ded53e94b82686a07378921863\",\"name\":\"admin\",\"image\":{\"@type\":\"ImageObject\",\"inLanguage\":\"en-US\",\"@id\":\"https:\\\/\\\/secure.gravatar.com\\\/avatar\\\/671f8bbcdf90afb1cf31d52c71bbac873105d52b2263ddb5bea5ed1d8e1475d4?s=96&d=mm&r=g\",\"url\":\"https:\\\/\\\/secure.gravatar.com\\\/avatar\\\/671f8bbcdf90afb1cf31d52c71bbac873105d52b2263ddb5bea5ed1d8e1475d4?s=96&d=mm&r=g\",\"contentUrl\":\"https:\\\/\\\/secure.gravatar.com\\\/avatar\\\/671f8bbcdf90afb1cf31d52c71bbac873105d52b2263ddb5bea5ed1d8e1475d4?s=96&d=mm&r=g\",\"caption\":\"admin\"}}]}<\/script>\n<!-- \/ Yoast SEO plugin. -->","yoast_head_json":{"title":"Vite, vite... se r\u00e9concilier avant les vacances ! - Objectif CASH","description":"D\u00e9couvrez notre article Vite, vite... se r\u00e9concilier avant les vacances ! - Objectif CASH","canonical":"https:\/\/objectif-cash.com\/en\/management-prospective\/vite-vite-se-reconcilier-avant-les-vacances\/","og_locale":"en_US","og_type":"article","og_title":"Vite, vite... se r\u00e9concilier avant les vacances ! - Objectif CASH","og_description":"D\u00e9couvrez notre article Vite, vite... se r\u00e9concilier avant les vacances ! - Objectif CASH","og_url":"https:\/\/objectif-cash.com\/en\/management-prospective\/vite-vite-se-reconcilier-avant-les-vacances\/","og_site_name":"Objectif CASH","article_published_time":"2018-07-30T00:00:00+00:00","article_modified_time":"2020-08-26T11:12:03+00:00","og_image":[{"width":684,"height":513,"url":"https:\/\/objectif-cash.com\/wp-content\/uploads\/2020\/07\/c83ae7_9c7bafa8dbf24dda8066349a720e193emv2.jpg","type":"image\/jpeg"}],"author":"admin","twitter_card":"summary_large_image","twitter_creator":"@objectifcash","twitter_site":"@objectifcash","twitter_misc":{"Written by":"admin","Est. reading time":"3 minutes"},"schema":{"@context":"https:\/\/schema.org","@graph":[{"@type":"Article","@id":"https:\/\/objectif-cash.com\/en\/management-prospective\/vite-vite-se-reconcilier-avant-les-vacances\/#article","isPartOf":{"@id":"https:\/\/objectif-cash.com\/en\/management-prospective\/vite-vite-se-reconcilier-avant-les-vacances\/"},"author":{"name":"admin","@id":"https:\/\/objectif-cash.com\/en\/#\/schema\/person\/94b3a8ded53e94b82686a07378921863"},"headline":"Vite, vite&#8230; se r\u00e9concilier avant les vacances !","datePublished":"2018-07-30T00:00:00+00:00","dateModified":"2020-08-26T11:12:03+00:00","mainEntityOfPage":{"@id":"https:\/\/objectif-cash.com\/en\/management-prospective\/vite-vite-se-reconcilier-avant-les-vacances\/"},"wordCount":666,"commentCount":0,"publisher":{"@id":"https:\/\/objectif-cash.com\/en\/#organization"},"image":{"@id":"https:\/\/objectif-cash.com\/en\/management-prospective\/vite-vite-se-reconcilier-avant-les-vacances\/#primaryimage"},"thumbnailUrl":"https:\/\/objectif-cash.com\/wp-content\/uploads\/2020\/07\/c83ae7_9c7bafa8dbf24dda8066349a720e193emv2.jpg","articleSection":["Management \/ Prospective"],"inLanguage":"en-US"},{"@type":"WebPage","@id":"https:\/\/objectif-cash.com\/en\/management-prospective\/vite-vite-se-reconcilier-avant-les-vacances\/","url":"https:\/\/objectif-cash.com\/en\/management-prospective\/vite-vite-se-reconcilier-avant-les-vacances\/","name":"Vite, vite... se r\u00e9concilier avant les vacances ! - Objectif CASH","isPartOf":{"@id":"https:\/\/objectif-cash.com\/en\/#website"},"primaryImageOfPage":{"@id":"https:\/\/objectif-cash.com\/en\/management-prospective\/vite-vite-se-reconcilier-avant-les-vacances\/#primaryimage"},"image":{"@id":"https:\/\/objectif-cash.com\/en\/management-prospective\/vite-vite-se-reconcilier-avant-les-vacances\/#primaryimage"},"thumbnailUrl":"https:\/\/objectif-cash.com\/wp-content\/uploads\/2020\/07\/c83ae7_9c7bafa8dbf24dda8066349a720e193emv2.jpg","datePublished":"2018-07-30T00:00:00+00:00","dateModified":"2020-08-26T11:12:03+00:00","description":"D\u00e9couvrez notre article Vite, vite... se r\u00e9concilier avant les vacances ! - Objectif CASH","breadcrumb":{"@id":"https:\/\/objectif-cash.com\/en\/management-prospective\/vite-vite-se-reconcilier-avant-les-vacances\/#breadcrumb"},"inLanguage":"en-US","potentialAction":[{"@type":"ReadAction","target":["https:\/\/objectif-cash.com\/en\/management-prospective\/vite-vite-se-reconcilier-avant-les-vacances\/"]}]},{"@type":"ImageObject","inLanguage":"en-US","@id":"https:\/\/objectif-cash.com\/en\/management-prospective\/vite-vite-se-reconcilier-avant-les-vacances\/#primaryimage","url":"https:\/\/objectif-cash.com\/wp-content\/uploads\/2020\/07\/c83ae7_9c7bafa8dbf24dda8066349a720e193emv2.jpg","contentUrl":"https:\/\/objectif-cash.com\/wp-content\/uploads\/2020\/07\/c83ae7_9c7bafa8dbf24dda8066349a720e193emv2.jpg","width":684,"height":513},{"@type":"BreadcrumbList","@id":"https:\/\/objectif-cash.com\/en\/management-prospective\/vite-vite-se-reconcilier-avant-les-vacances\/#breadcrumb","itemListElement":[{"@type":"ListItem","position":1,"name":"Home Page","item":"https:\/\/objectif-cash.com\/en\/"},{"@type":"ListItem","position":2,"name":"Vite, vite&#8230; se r\u00e9concilier avant les vacances !"}]},{"@type":"WebSite","@id":"https:\/\/objectif-cash.com\/en\/#website","url":"https:\/\/objectif-cash.com\/en\/","name":"Objectif CASH","description":"Specialist in Transition Management","publisher":{"@id":"https:\/\/objectif-cash.com\/en\/#organization"},"potentialAction":[{"@type":"SearchAction","target":{"@type":"EntryPoint","urlTemplate":"https:\/\/objectif-cash.com\/en\/?s={search_term_string}"},"query-input":{"@type":"PropertyValueSpecification","valueRequired":true,"valueName":"search_term_string"}}],"inLanguage":"en-US"},{"@type":"Organization","@id":"https:\/\/objectif-cash.com\/en\/#organization","name":"Objectif CASH","url":"https:\/\/objectif-cash.com\/en\/","logo":{"@type":"ImageObject","inLanguage":"en-US","@id":"https:\/\/objectif-cash.com\/en\/#\/schema\/logo\/image\/","url":"https:\/\/objectif-cash.com\/wp-content\/uploads\/2020\/06\/logo-white.png","contentUrl":"https:\/\/objectif-cash.com\/wp-content\/uploads\/2020\/06\/logo-white.png","width":376,"height":82,"caption":"Objectif CASH"},"image":{"@id":"https:\/\/objectif-cash.com\/en\/#\/schema\/logo\/image\/"},"sameAs":["https:\/\/x.com\/objectifcash","https:\/\/www.linkedin.com\/company\/objectif-cash","https:\/\/www.youtube.com\/user\/CitizenCASH\/videos"]},{"@type":"Person","@id":"https:\/\/objectif-cash.com\/en\/#\/schema\/person\/94b3a8ded53e94b82686a07378921863","name":"admin","image":{"@type":"ImageObject","inLanguage":"en-US","@id":"https:\/\/secure.gravatar.com\/avatar\/671f8bbcdf90afb1cf31d52c71bbac873105d52b2263ddb5bea5ed1d8e1475d4?s=96&d=mm&r=g","url":"https:\/\/secure.gravatar.com\/avatar\/671f8bbcdf90afb1cf31d52c71bbac873105d52b2263ddb5bea5ed1d8e1475d4?s=96&d=mm&r=g","contentUrl":"https:\/\/secure.gravatar.com\/avatar\/671f8bbcdf90afb1cf31d52c71bbac873105d52b2263ddb5bea5ed1d8e1475d4?s=96&d=mm&r=g","caption":"admin"}}]}},"_links":{"self":[{"href":"https:\/\/objectif-cash.com\/en\/wp-json\/wp\/v2\/posts\/1501","targetHints":{"allow":["GET"]}}],"collection":[{"href":"https:\/\/objectif-cash.com\/en\/wp-json\/wp\/v2\/posts"}],"about":[{"href":"https:\/\/objectif-cash.com\/en\/wp-json\/wp\/v2\/types\/post"}],"author":[{"embeddable":true,"href":"https:\/\/objectif-cash.com\/en\/wp-json\/wp\/v2\/users\/1"}],"replies":[{"embeddable":true,"href":"https:\/\/objectif-cash.com\/en\/wp-json\/wp\/v2\/comments?post=1501"}],"version-history":[{"count":1,"href":"https:\/\/objectif-cash.com\/en\/wp-json\/wp\/v2\/posts\/1501\/revisions"}],"predecessor-version":[{"id":2894,"href":"https:\/\/objectif-cash.com\/en\/wp-json\/wp\/v2\/posts\/1501\/revisions\/2894"}],"wp:featuredmedia":[{"embeddable":true,"href":"https:\/\/objectif-cash.com\/en\/wp-json\/wp\/v2\/media\/1044"}],"wp:attachment":[{"href":"https:\/\/objectif-cash.com\/en\/wp-json\/wp\/v2\/media?parent=1501"}],"wp:term":[{"taxonomy":"category","embeddable":true,"href":"https:\/\/objectif-cash.com\/en\/wp-json\/wp\/v2\/categories?post=1501"},{"taxonomy":"post_tag","embeddable":true,"href":"https:\/\/objectif-cash.com\/en\/wp-json\/wp\/v2\/tags?post=1501"}],"curies":[{"name":"wp","href":"https:\/\/api.w.org\/{rel}","templated":true}]}}