{"id":1278,"date":"2020-02-25T00:00:00","date_gmt":"2020-02-25T00:00:00","guid":{"rendered":"https:\/\/objectif-cash.com\/marche-du-management-de-transition\/"},"modified":"2020-08-26T13:05:36","modified_gmt":"2020-08-26T11:05:36","slug":"marche-du-management-de-transition","status":"publish","type":"post","link":"https:\/\/objectif-cash.com\/en\/management-prospective\/marche-du-management-de-transition\/","title":{"rendered":"March\u00e9 du management de transition"},"content":{"rendered":"<div>\n<p><strong>Les questions que vous devez vraiment vous poser !<\/strong><\/p>\n<p>Il y a quelques jours les chiffres du ch\u00f4mage ont \u00e9t\u00e9 publi\u00e9s pour la fin de l\u2019ann\u00e9e 2019.<\/p>\n<div>\n<div>\n<div data-hook=\"imageViewer\">\n<div><img decoding=\"async\" src=\"https:\/\/objectif-cash.com\/wp-content\/uploads\/2020\/07\/file.jpg\" alt=\"\" data-pin-url=\"https:\/\/oliviasieber.wixsite.com\/objectifcash\/post\/march%C3%A9-du-management-de-transition\" data-pin-media=\"https:\/\/static.wixstatic.com\/media\/c83ae7_8fa5d962a48e4fec87ac87c2ef156fc0~mv2.jpg\/v1\/fit\/w_300,h_300,al_c,q_80\/file.png\"><\/div>\n<\/div>\n<\/div>\n<\/div>\n<p>Entre la fin de l\u2019ann\u00e9e 2018 (8,8 %) et la fin de l\u2019ann\u00e9e 2019 (8,1 %) la baisse est significative.<\/p>\n<p>Les sp\u00e9cialistes s\u2019attendaient \u00e0 8,3 %.<\/p>\n<p>8,1 % c\u2019est le taux le plus bas depuis 2009 !<\/p>\n<p><strong>Est-ce vraiment une bonne nouvelle ?<\/strong><\/p>\n<p>Oui !<\/p>\n<p><strong>Quelles sont les raisons de cette embellie ?<\/strong><\/p>\n<p>Chacun y va de son analyse :<\/p>\n<p>&#8211; Pour certains il s\u2019agit encore d\u2019un effet de manipulation des chiffres ou du nettoyage des statistiques ; le fameux \u00ab halo du ch\u00f4mage \u00bb au plus haut depuis 2003 et en hausse de 50 % en 15 ans. Les 1,7 million de personnes sans emploi qui n\u2019entrent plus dans les statistiques parce qu\u2019elles ne recherchent pas (ou plus) du travail.<\/p>\n<p>&#8211; Pour d\u2019autres c\u2019est le r\u00e9sultat de la politique men\u00e9e par le gouvernement et des r\u00e9formes engag\u00e9es.<\/p>\n<p>&#8211; Pour d\u2019autres encore il s\u2019agit d\u2019un effet \u00ab retard \u00bb par rapport aux Etats Unis, \u00e0 l\u2019Allemagne, \u00e0 la Grande Bretagne, etc. qui sont tous repartis depuis belle lurette et sont en plein emploi\u2026<\/p>\n<p>S\u00fbrement un peu des trois. Mais c\u2019est un fait : Les entreprises embauchent !<\/p>\n<p><strong>Quelles cons\u00e9quences pour les managers de transition ?<\/strong><\/p>\n<p>Des opportunit\u00e9s\u2026Toujours plus d\u2019opportunit\u00e9s\u2026Car il y a toujours des goulets d\u2019\u00e9tranglem<\/p>\n<p>ent. Partout !<\/p>\n<p>Des disparit\u00e9s tr\u00e8s fortes entre les r\u00e9gions (Ah ! la Mayenne !) et aussi selon les cat\u00e9<\/p>\n<p>gories.<\/p>\n<p>C\u2019est quasiment le plein emploi pour les cadres (taux de ch\u00f4mage de 3,8 % !). Beaucoup d\u2019entreprises ont du mal \u00e0 attirer des talents et ensuite \u00e0 \u2026les retenir.<\/p>\n<p><strong>Est-ce le bon mom<\/strong><\/p>\n<p><strong>ent pour se lancer da<\/strong><\/p>\n<p><strong>ns le management de transition ?<\/strong><\/p>\n<p>Nous entendons beaucoup de personnes s\u2019exprimer dans la presse ou sur les r\u00e9seaux sociaux et crier \u00e0 qui veut bien l\u2019entendre \u00ab En dehors du management de transition, apr\u00e8s 50 ans, point de salut ! \u00bb. Cris de ralliement, incantations qui ressemblent au fameux \u00ab <em>Atmosph\u00e8re ! Atmosph\u00e8re ! Est-ce que j\u2019ai une gueule d\u2019<\/em>\u2026 \u00bb d\u2019Arletty dans Hotel du Nord.<\/p>\n<p>Beaucoup de dirigeants et de managers viennent nous voir \u00e0 ce sujet. Toujours la m\u00eame question : \u00ab <em>Que faire ?<\/em> \u00bb.<\/p>\n<p><strong>Toujours la m\u00eame question et \u2026toujours la m\u00eame r\u00e9ponse !<\/strong><\/p>\n<p>Toujours la m\u00eame question et toujours la m\u00eame r\u00e9ponse. Si vous souhaitez faire du management de transition, vous en ferez. Encore faut-il que vous en connaissiez les contraintes. Et que cela vous plaise\u2026 dans la dur\u00e9e.<\/p>\n<p>Plut\u00f4t que de crier \u00e0 tout va \u00ab <em>Management de transition, management de transition<\/em>\u2026 \u00bb notre d\u00e9ontologie, depuis 15 ans, nous interdit de dire qu\u2019en dehors du management de transition point de salut. Tous les jours, nous sommes les t\u00e9moins d\u2019embauches en CDI de cadres entre 50 et 60 ans pour des jobs de direction ou de fonction support.<\/p>\n<p>Donc la solution c\u2019est de ne pas c\u00e9der \u00e0 la \u00ab <em>parano<\/em> \u00bb ambiante.<\/p>\n<p>La solution c\u2019est de bien se conna\u00eetre. De se faire confiance. De bien conna\u00eetre les march\u00e9s, les acteurs.<\/p>\n<p>Vous souhaitez en savoir plus sur le management de transition, les tendances, les contraintes, les profils, les missions ? Vous souhaitez mieux conna\u00eetre ces fameux \u00ab <em>goulets d\u2019\u00e9tranglement<\/em> \u00bb ?<\/p>\n<p>Participez \u00e0 nos prochaines sessions de nos \u00ab <strong>Portes Ouvertes du Management de Transition<\/strong> \u00bb qui se d\u00e9roulera le <strong>Vendredi 27 Mars 2020 \u00e0 Paris (deux sessions au choix : une le matin \u00e0 partir de 8 H 15 et la seconde l\u2019apr\u00e8s-midi \u00e0 partir de 14H).<\/strong><\/p>\n<p>Vous souhaitez nous rencontrer, participer \u00e0 nos prochaines manifestations, \u00e9changer entre \u00ab professionnels de la profession \u00bb.<\/p>\n<p>Consultez les dates et les programmes d\u00e9taill\u00e9s sur <a href=\"http:\/\/www.citizen-cash.com\/\" target=\"_top\" rel=\"noopener noreferrer\">www.citizen-cash.com<\/a>. Vous pouvez vous inscrire directement sur le site ou adresser un mail \u00e0 <a href=\"mailto:olivia.sieber@objective-cash.com\" target=\"_top\" rel=\"noopener noreferrer\"><u>olivia.sieber@objective-cash.com<\/u><\/a>.<\/p>\n<p>Attention le nombre de places est limit\u00e9 \u00e0 chaque fois. Il est pr\u00e9f\u00e9rable de vous inscrire \u00e0 l\u2019avance.<\/p>\n<p>Pour suivre au plus pr\u00e8s l\u2019actualit\u00e9 d\u2019Objectif CASH sur les r\u00e9seaux sociaux et b\u00e9n\u00e9ficier en priorit\u00e9 de toutes nos offres <strong>connectez-vous \u00e0 la page LinkedIn Objectif CASH.<\/strong><\/p>\n<p><strong>L\u2019\u00e9quipe Objectif CASH<\/strong><\/p>\n<\/div>\n","protected":false},"excerpt":{"rendered":"<div>\n<p><strong>Les questions que vous devez vraiment vous poser !<\/strong><\/p>\n<p>Il y a quelques jours les chiffres du ch&ocirc;mage ont &eacute;t&eacute; publi&eacute;s pour la fin de l&rsquo;ann&eacute;e 2019.<\/p>\n<div>\n<div>\n<div data-hook=\"imageViewer\">\n<div><img decoding=\"async\" src=\"https:\/\/static.wixstatic.com\/media\/c83ae7_8fa5d962a48e4fec87ac87c2ef156fc0~mv2.jpg\/v1\/fit\/w_300,h_300,al_c,q_5\/file.jpg\" alt=\"\" data-pin-url=\"https:\/\/oliviasieber.wixsite.com\/objectifcash\/post\/march%C3%A9-du-management-de-transition\" data-pin-media=\"https:\/\/static.wixstatic.com\/media\/c83ae7_8fa5d962a48e4fec87ac87c2ef156fc0~mv2.jpg\/v1\/fit\/w_300,h_300,al_c,q_80\/file.png\" \/><img decoding=\"async\" src=\"https:\/\/static.wixstatic.com\/media\/c83ae7_8fa5d962a48e4fec87ac87c2ef156fc0~mv2.jpg\/v1\/fill\/w_360,h_360,al_c,lg_1,q_90\/c83ae7_8fa5d962a48e4fec87ac87c2ef156fc0~mv2.webp\" alt=\"\" data-pin-url=\"https:\/\/oliviasieber.wixsite.com\/objectifcash\/post\/march%C3%A9-du-management-de-transition\" data-pin-media=\"https:\/\/static.wixstatic.com\/media\/c83ae7_8fa5d962a48e4fec87ac87c2ef156fc0~mv2.jpg\/v1\/fit\/w_300,h_300,al_c,q_80\/file.png\" \/><\/div>\n<\/div>\n<\/div>\n<\/div>\n<p>Entre la fin de l&rsquo;ann&eacute;e 2018 (8,8 %) et la fin de l&rsquo;ann&eacute;e 2019 (8,1 %) la baisse est significative.<\/p>\n<p>Les sp&eacute;cialistes s&rsquo;attendaient &agrave; 8,3 %.<\/p>\n<p>8,1 % c&rsquo;est le taux le plus bas depuis 2009 !<\/p>\n<p><strong>Est-ce vraiment une bonne nouvelle ?<\/strong><\/p>\n<p>Oui !<\/p>\n<p><strong>Quelles sont les raisons de cette embellie ?<\/strong><\/p>\n<p>Chacun y va de son analyse :<\/p>\n<p>&#8211; Pour certains il s&rsquo;agit encore d&rsquo;un effet de manipulation des chiffres ou du nettoyage des statistiques ; le fameux &laquo; halo du ch&ocirc;mage &raquo; au plus haut depuis 2003 et en hausse de 50 % en 15 ans. Les 1,7 million de personnes sans emploi qui n&rsquo;entrent plus dans les statistiques parce qu&rsquo;elles ne recherchent pas (ou plus) du travail.<\/p>\n<p>&#8211; Pour d&rsquo;autres c&rsquo;est le r&eacute;sultat de la politique men&eacute;e par le gouvernement et des r&eacute;formes engag&eacute;es.<\/p>\n<p>&#8211; Pour d&rsquo;autres encore il s&rsquo;agit d&rsquo;un effet &laquo; retard &raquo; par rapport aux Etats Unis, &agrave; l&rsquo;Allemagne, &agrave; la Grande Bretagne, etc. qui sont tous repartis depuis belle lurette et sont en plein emploi&hellip;<\/p>\n<p>S&ucirc;rement un peu des trois. Mais c&rsquo;est un fait : Les entreprises embauchent !<\/p>\n<p><strong>Quelles cons&eacute;quences pour les managers de transition ?<\/strong><\/p>\n<p>Des opportunit&eacute;s&hellip;Toujours plus d&rsquo;opportunit&eacute;s&hellip;Car il y a toujours des goulets d&rsquo;&eacute;tranglem<\/p>\n<p>ent. Partout !<\/p>\n<p>Des disparit&eacute;s tr&egrave;s fortes entre les r&eacute;gions (Ah ! la Mayenne !) et aussi selon les cat&eacute;<\/p>\n<p>gories.<\/p>\n<p>C&rsquo;est quasiment le plein emploi pour les cadres (taux de ch&ocirc;mage de 3,8 % !). Beaucoup d&rsquo;entreprises ont du mal &agrave; attirer des talents et ensuite &agrave; &hellip;les retenir.<\/p>\n<p><strong>Est-ce le bon mom<\/strong><\/p>\n<p><strong>ent pour se lancer da<\/strong><\/p>\n<p><strong>ns le management de transition ?<\/strong><\/p>\n<p>Nous entendons beaucoup de personnes s&rsquo;exprimer dans la presse ou sur les r&eacute;seaux sociaux et crier &agrave; qui veut bien l&rsquo;entendre &laquo; En dehors du management de transition, apr&egrave;s 50 ans, point de salut ! &raquo;. Cris de ralliement, incantations qui ressemblent au fameux &laquo; <em>Atmosph&egrave;re ! Atmosph&egrave;re ! Est-ce que j&rsquo;ai une gueule d&rsquo;<\/em>&hellip; &raquo; d&rsquo;Arletty dans Hotel du Nord.<\/p>\n<p>Beaucoup de dirigeants et de managers viennent nous voir &agrave; ce sujet. Toujours la m&ecirc;me question : &laquo; <em>Que faire ?<\/em> &raquo;.<\/p>\n<p><strong>Toujours la m&ecirc;me question et &hellip;toujours la m&ecirc;me r&eacute;ponse !<\/strong><\/p>\n<p>Toujours la m&ecirc;me question et toujours la m&ecirc;me r&eacute;ponse. Si vous souhaitez faire du management de transition, vous en ferez. Encore faut-il que vous en connaissiez les contraintes. Et que cela vous plaise&hellip; dans la dur&eacute;e.<\/p>\n<p>Plut&ocirc;t que de crier &agrave; tout va &laquo; <em>Management de transition, management de transition<\/em>&hellip; &raquo; notre d&eacute;ontologie, depuis 15 ans, nous interdit de dire qu&rsquo;en dehors du management de transition point de salut. Tous les jours, nous sommes les t&eacute;moins d&rsquo;embauches en CDI de cadres entre 50 et 60 ans pour des jobs de direction ou de fonction support.<\/p>\n<p>Donc la solution c&rsquo;est de ne pas c&eacute;der &agrave; la &laquo; <em>parano<\/em> &raquo; ambiante.<\/p>\n<p>La solution c&rsquo;est de bien se conna&icirc;tre. De se faire confiance. De bien conna&icirc;tre les march&eacute;s, les acteurs.<\/p>\n<p>Vous souhaitez en savoir plus sur le management de transition, les tendances, les contraintes, les profils, les missions ? Vous souhaitez mieux conna&icirc;tre ces fameux &laquo; <em>goulets d&rsquo;&eacute;tranglement<\/em> &raquo; ?<\/p>\n<p>Participez &agrave; nos prochaines sessions de nos &laquo; <strong>Portes Ouvertes du Management de Transition<\/strong> &raquo; qui se d&eacute;roulera le <strong>Vendredi 27 Mars 2020 &agrave; Paris (deux sessions au choix : une le matin &agrave; partir de 8 H 15 et la seconde l&rsquo;apr&egrave;s-midi &agrave; partir de 14H).<\/strong><\/p>\n<p>Vous souhaitez nous rencontrer, participer &agrave; nos prochaines manifestations, &eacute;changer entre &laquo; professionnels de la profession &raquo;.<\/p>\n<p>Consultez les dates et les programmes d&eacute;taill&eacute;s sur <a href=\"http:\/\/www.citizen-cash.com\/\" target=\"_top\" rel=\"noopener noreferrer\">www.citizen-cash.com<\/a>. Vous pouvez vous inscrire directement sur le site ou adresser un mail &agrave; <a href=\"mailto:olivia.sieber@objective-cash.com\" target=\"_top\" rel=\"noopener noreferrer\"><u>olivia.sieber@objective-cash.com<\/u><\/a>.<\/p>\n<p>Attention le nombre de places est limit&eacute; &agrave; chaque fois. Il est pr&eacute;f&eacute;rable de vous inscrire &agrave; l&rsquo;avance.<\/p>\n<p>Pour suivre au plus pr&egrave;s l&rsquo;actualit&eacute; d&rsquo;Objectif CASH sur les r&eacute;seaux sociaux et b&eacute;n&eacute;ficier en priorit&eacute; de toutes nos offres <strong>connectez-vous &agrave; la page LinkedIn Objectif CASH.<\/strong><\/p>\n<p><strong>L&rsquo;&eacute;quipe Objectif CASH<\/strong><\/p>\n<\/div>\n","protected":false},"author":1,"featured_media":847,"comment_status":"open","ping_status":"closed","sticky":false,"template":"","format":"standard","meta":{"_acf_changed":false,"footnotes":""},"categories":[28],"tags":[],"class_list":["post-1278","post","type-post","status-publish","format-standard","has-post-thumbnail","hentry","category-management-prospective"],"acf":[],"yoast_head":"<!-- This site is optimized with the Yoast SEO plugin v27.5 - https:\/\/yoast.com\/product\/yoast-seo-wordpress\/ -->\n<title>March\u00e9 du management de transition - Objectif CASH<\/title>\n<meta name=\"description\" content=\"D\u00e9couvrez notre article March\u00e9 du management de transition - Objectif CASH\" \/>\n<link rel=\"canonical\" href=\"https:\/\/objectif-cash.com\/en\/management-prospective\/marche-du-management-de-transition\/\" \/>\n<meta property=\"og:locale\" content=\"en_US\" \/>\n<meta property=\"og:type\" content=\"article\" \/>\n<meta property=\"og:title\" content=\"March\u00e9 du management de transition - Objectif CASH\" \/>\n<meta property=\"og:description\" content=\"D\u00e9couvrez notre article March\u00e9 du management de transition - Objectif CASH\" \/>\n<meta property=\"og:url\" content=\"https:\/\/objectif-cash.com\/en\/management-prospective\/marche-du-management-de-transition\/\" \/>\n<meta property=\"og:site_name\" content=\"Objectif CASH\" \/>\n<meta property=\"article:published_time\" content=\"2020-02-25T00:00:00+00:00\" \/>\n<meta property=\"article:modified_time\" content=\"2020-08-26T11:05:36+00:00\" \/>\n<meta property=\"og:image\" content=\"https:\/\/objectif-cash.com\/wp-content\/uploads\/2020\/07\/c83ae7_8fa5d962a48e4fec87ac87c2ef156fc0mv2.jpg\" \/>\n\t<meta property=\"og:image:width\" content=\"300\" \/>\n\t<meta property=\"og:image:height\" content=\"300\" \/>\n\t<meta property=\"og:image:type\" content=\"image\/jpeg\" \/>\n<meta name=\"author\" content=\"admin\" \/>\n<meta name=\"twitter:card\" content=\"summary_large_image\" \/>\n<meta name=\"twitter:creator\" content=\"@objectifcash\" \/>\n<meta name=\"twitter:site\" content=\"@objectifcash\" \/>\n<meta name=\"twitter:label1\" content=\"Written by\" \/>\n\t<meta name=\"twitter:data1\" content=\"admin\" \/>\n\t<meta name=\"twitter:label2\" content=\"Est. reading time\" \/>\n\t<meta name=\"twitter:data2\" content=\"3 minutes\" \/>\n<script type=\"application\/ld+json\" class=\"yoast-schema-graph\">{\"@context\":\"https:\\\/\\\/schema.org\",\"@graph\":[{\"@type\":\"Article\",\"@id\":\"https:\\\/\\\/objectif-cash.com\\\/en\\\/management-prospective\\\/marche-du-management-de-transition\\\/#article\",\"isPartOf\":{\"@id\":\"https:\\\/\\\/objectif-cash.com\\\/en\\\/management-prospective\\\/marche-du-management-de-transition\\\/\"},\"author\":{\"name\":\"admin\",\"@id\":\"https:\\\/\\\/objectif-cash.com\\\/en\\\/#\\\/schema\\\/person\\\/94b3a8ded53e94b82686a07378921863\"},\"headline\":\"March\u00e9 du management de transition\",\"datePublished\":\"2020-02-25T00:00:00+00:00\",\"dateModified\":\"2020-08-26T11:05:36+00:00\",\"mainEntityOfPage\":{\"@id\":\"https:\\\/\\\/objectif-cash.com\\\/en\\\/management-prospective\\\/marche-du-management-de-transition\\\/\"},\"wordCount\":689,\"commentCount\":0,\"publisher\":{\"@id\":\"https:\\\/\\\/objectif-cash.com\\\/en\\\/#organization\"},\"image\":{\"@id\":\"https:\\\/\\\/objectif-cash.com\\\/en\\\/management-prospective\\\/marche-du-management-de-transition\\\/#primaryimage\"},\"thumbnailUrl\":\"https:\\\/\\\/objectif-cash.com\\\/wp-content\\\/uploads\\\/2020\\\/07\\\/c83ae7_8fa5d962a48e4fec87ac87c2ef156fc0mv2.jpg\",\"articleSection\":[\"Management \\\/ Prospective\"],\"inLanguage\":\"en-US\"},{\"@type\":\"WebPage\",\"@id\":\"https:\\\/\\\/objectif-cash.com\\\/en\\\/management-prospective\\\/marche-du-management-de-transition\\\/\",\"url\":\"https:\\\/\\\/objectif-cash.com\\\/en\\\/management-prospective\\\/marche-du-management-de-transition\\\/\",\"name\":\"March\u00e9 du management de transition - Objectif CASH\",\"isPartOf\":{\"@id\":\"https:\\\/\\\/objectif-cash.com\\\/en\\\/#website\"},\"primaryImageOfPage\":{\"@id\":\"https:\\\/\\\/objectif-cash.com\\\/en\\\/management-prospective\\\/marche-du-management-de-transition\\\/#primaryimage\"},\"image\":{\"@id\":\"https:\\\/\\\/objectif-cash.com\\\/en\\\/management-prospective\\\/marche-du-management-de-transition\\\/#primaryimage\"},\"thumbnailUrl\":\"https:\\\/\\\/objectif-cash.com\\\/wp-content\\\/uploads\\\/2020\\\/07\\\/c83ae7_8fa5d962a48e4fec87ac87c2ef156fc0mv2.jpg\",\"datePublished\":\"2020-02-25T00:00:00+00:00\",\"dateModified\":\"2020-08-26T11:05:36+00:00\",\"description\":\"D\u00e9couvrez notre article March\u00e9 du management de transition - Objectif CASH\",\"breadcrumb\":{\"@id\":\"https:\\\/\\\/objectif-cash.com\\\/en\\\/management-prospective\\\/marche-du-management-de-transition\\\/#breadcrumb\"},\"inLanguage\":\"en-US\",\"potentialAction\":[{\"@type\":\"ReadAction\",\"target\":[\"https:\\\/\\\/objectif-cash.com\\\/en\\\/management-prospective\\\/marche-du-management-de-transition\\\/\"]}]},{\"@type\":\"ImageObject\",\"inLanguage\":\"en-US\",\"@id\":\"https:\\\/\\\/objectif-cash.com\\\/en\\\/management-prospective\\\/marche-du-management-de-transition\\\/#primaryimage\",\"url\":\"https:\\\/\\\/objectif-cash.com\\\/wp-content\\\/uploads\\\/2020\\\/07\\\/c83ae7_8fa5d962a48e4fec87ac87c2ef156fc0mv2.jpg\",\"contentUrl\":\"https:\\\/\\\/objectif-cash.com\\\/wp-content\\\/uploads\\\/2020\\\/07\\\/c83ae7_8fa5d962a48e4fec87ac87c2ef156fc0mv2.jpg\",\"width\":300,\"height\":300},{\"@type\":\"BreadcrumbList\",\"@id\":\"https:\\\/\\\/objectif-cash.com\\\/en\\\/management-prospective\\\/marche-du-management-de-transition\\\/#breadcrumb\",\"itemListElement\":[{\"@type\":\"ListItem\",\"position\":1,\"name\":\"Home Page\",\"item\":\"https:\\\/\\\/objectif-cash.com\\\/en\\\/\"},{\"@type\":\"ListItem\",\"position\":2,\"name\":\"March\u00e9 du management de transition\"}]},{\"@type\":\"WebSite\",\"@id\":\"https:\\\/\\\/objectif-cash.com\\\/en\\\/#website\",\"url\":\"https:\\\/\\\/objectif-cash.com\\\/en\\\/\",\"name\":\"Objectif CASH\",\"description\":\"Specialist in Transition Management\",\"publisher\":{\"@id\":\"https:\\\/\\\/objectif-cash.com\\\/en\\\/#organization\"},\"potentialAction\":[{\"@type\":\"SearchAction\",\"target\":{\"@type\":\"EntryPoint\",\"urlTemplate\":\"https:\\\/\\\/objectif-cash.com\\\/en\\\/?s={search_term_string}\"},\"query-input\":{\"@type\":\"PropertyValueSpecification\",\"valueRequired\":true,\"valueName\":\"search_term_string\"}}],\"inLanguage\":\"en-US\"},{\"@type\":\"Organization\",\"@id\":\"https:\\\/\\\/objectif-cash.com\\\/en\\\/#organization\",\"name\":\"Objectif CASH\",\"url\":\"https:\\\/\\\/objectif-cash.com\\\/en\\\/\",\"logo\":{\"@type\":\"ImageObject\",\"inLanguage\":\"en-US\",\"@id\":\"https:\\\/\\\/objectif-cash.com\\\/en\\\/#\\\/schema\\\/logo\\\/image\\\/\",\"url\":\"https:\\\/\\\/objectif-cash.com\\\/wp-content\\\/uploads\\\/2020\\\/06\\\/logo-white.png\",\"contentUrl\":\"https:\\\/\\\/objectif-cash.com\\\/wp-content\\\/uploads\\\/2020\\\/06\\\/logo-white.png\",\"width\":376,\"height\":82,\"caption\":\"Objectif CASH\"},\"image\":{\"@id\":\"https:\\\/\\\/objectif-cash.com\\\/en\\\/#\\\/schema\\\/logo\\\/image\\\/\"},\"sameAs\":[\"https:\\\/\\\/x.com\\\/objectifcash\",\"https:\\\/\\\/www.linkedin.com\\\/company\\\/objectif-cash\",\"https:\\\/\\\/www.youtube.com\\\/user\\\/CitizenCASH\\\/videos\"]},{\"@type\":\"Person\",\"@id\":\"https:\\\/\\\/objectif-cash.com\\\/en\\\/#\\\/schema\\\/person\\\/94b3a8ded53e94b82686a07378921863\",\"name\":\"admin\",\"image\":{\"@type\":\"ImageObject\",\"inLanguage\":\"en-US\",\"@id\":\"https:\\\/\\\/secure.gravatar.com\\\/avatar\\\/671f8bbcdf90afb1cf31d52c71bbac873105d52b2263ddb5bea5ed1d8e1475d4?s=96&d=mm&r=g\",\"url\":\"https:\\\/\\\/secure.gravatar.com\\\/avatar\\\/671f8bbcdf90afb1cf31d52c71bbac873105d52b2263ddb5bea5ed1d8e1475d4?s=96&d=mm&r=g\",\"contentUrl\":\"https:\\\/\\\/secure.gravatar.com\\\/avatar\\\/671f8bbcdf90afb1cf31d52c71bbac873105d52b2263ddb5bea5ed1d8e1475d4?s=96&d=mm&r=g\",\"caption\":\"admin\"}}]}<\/script>\n<!-- \/ Yoast SEO plugin. -->","yoast_head_json":{"title":"March\u00e9 du management de transition - Objectif CASH","description":"D\u00e9couvrez notre article March\u00e9 du management de transition - Objectif CASH","canonical":"https:\/\/objectif-cash.com\/en\/management-prospective\/marche-du-management-de-transition\/","og_locale":"en_US","og_type":"article","og_title":"March\u00e9 du management de transition - Objectif CASH","og_description":"D\u00e9couvrez notre article March\u00e9 du management de transition - Objectif CASH","og_url":"https:\/\/objectif-cash.com\/en\/management-prospective\/marche-du-management-de-transition\/","og_site_name":"Objectif CASH","article_published_time":"2020-02-25T00:00:00+00:00","article_modified_time":"2020-08-26T11:05:36+00:00","og_image":[{"width":300,"height":300,"url":"https:\/\/objectif-cash.com\/wp-content\/uploads\/2020\/07\/c83ae7_8fa5d962a48e4fec87ac87c2ef156fc0mv2.jpg","type":"image\/jpeg"}],"author":"admin","twitter_card":"summary_large_image","twitter_creator":"@objectifcash","twitter_site":"@objectifcash","twitter_misc":{"Written by":"admin","Est. reading time":"3 minutes"},"schema":{"@context":"https:\/\/schema.org","@graph":[{"@type":"Article","@id":"https:\/\/objectif-cash.com\/en\/management-prospective\/marche-du-management-de-transition\/#article","isPartOf":{"@id":"https:\/\/objectif-cash.com\/en\/management-prospective\/marche-du-management-de-transition\/"},"author":{"name":"admin","@id":"https:\/\/objectif-cash.com\/en\/#\/schema\/person\/94b3a8ded53e94b82686a07378921863"},"headline":"March\u00e9 du management de transition","datePublished":"2020-02-25T00:00:00+00:00","dateModified":"2020-08-26T11:05:36+00:00","mainEntityOfPage":{"@id":"https:\/\/objectif-cash.com\/en\/management-prospective\/marche-du-management-de-transition\/"},"wordCount":689,"commentCount":0,"publisher":{"@id":"https:\/\/objectif-cash.com\/en\/#organization"},"image":{"@id":"https:\/\/objectif-cash.com\/en\/management-prospective\/marche-du-management-de-transition\/#primaryimage"},"thumbnailUrl":"https:\/\/objectif-cash.com\/wp-content\/uploads\/2020\/07\/c83ae7_8fa5d962a48e4fec87ac87c2ef156fc0mv2.jpg","articleSection":["Management \/ Prospective"],"inLanguage":"en-US"},{"@type":"WebPage","@id":"https:\/\/objectif-cash.com\/en\/management-prospective\/marche-du-management-de-transition\/","url":"https:\/\/objectif-cash.com\/en\/management-prospective\/marche-du-management-de-transition\/","name":"March\u00e9 du management de transition - Objectif CASH","isPartOf":{"@id":"https:\/\/objectif-cash.com\/en\/#website"},"primaryImageOfPage":{"@id":"https:\/\/objectif-cash.com\/en\/management-prospective\/marche-du-management-de-transition\/#primaryimage"},"image":{"@id":"https:\/\/objectif-cash.com\/en\/management-prospective\/marche-du-management-de-transition\/#primaryimage"},"thumbnailUrl":"https:\/\/objectif-cash.com\/wp-content\/uploads\/2020\/07\/c83ae7_8fa5d962a48e4fec87ac87c2ef156fc0mv2.jpg","datePublished":"2020-02-25T00:00:00+00:00","dateModified":"2020-08-26T11:05:36+00:00","description":"D\u00e9couvrez notre article March\u00e9 du management de transition - Objectif CASH","breadcrumb":{"@id":"https:\/\/objectif-cash.com\/en\/management-prospective\/marche-du-management-de-transition\/#breadcrumb"},"inLanguage":"en-US","potentialAction":[{"@type":"ReadAction","target":["https:\/\/objectif-cash.com\/en\/management-prospective\/marche-du-management-de-transition\/"]}]},{"@type":"ImageObject","inLanguage":"en-US","@id":"https:\/\/objectif-cash.com\/en\/management-prospective\/marche-du-management-de-transition\/#primaryimage","url":"https:\/\/objectif-cash.com\/wp-content\/uploads\/2020\/07\/c83ae7_8fa5d962a48e4fec87ac87c2ef156fc0mv2.jpg","contentUrl":"https:\/\/objectif-cash.com\/wp-content\/uploads\/2020\/07\/c83ae7_8fa5d962a48e4fec87ac87c2ef156fc0mv2.jpg","width":300,"height":300},{"@type":"BreadcrumbList","@id":"https:\/\/objectif-cash.com\/en\/management-prospective\/marche-du-management-de-transition\/#breadcrumb","itemListElement":[{"@type":"ListItem","position":1,"name":"Home Page","item":"https:\/\/objectif-cash.com\/en\/"},{"@type":"ListItem","position":2,"name":"March\u00e9 du management de transition"}]},{"@type":"WebSite","@id":"https:\/\/objectif-cash.com\/en\/#website","url":"https:\/\/objectif-cash.com\/en\/","name":"Objectif CASH","description":"Specialist in Transition Management","publisher":{"@id":"https:\/\/objectif-cash.com\/en\/#organization"},"potentialAction":[{"@type":"SearchAction","target":{"@type":"EntryPoint","urlTemplate":"https:\/\/objectif-cash.com\/en\/?s={search_term_string}"},"query-input":{"@type":"PropertyValueSpecification","valueRequired":true,"valueName":"search_term_string"}}],"inLanguage":"en-US"},{"@type":"Organization","@id":"https:\/\/objectif-cash.com\/en\/#organization","name":"Objectif CASH","url":"https:\/\/objectif-cash.com\/en\/","logo":{"@type":"ImageObject","inLanguage":"en-US","@id":"https:\/\/objectif-cash.com\/en\/#\/schema\/logo\/image\/","url":"https:\/\/objectif-cash.com\/wp-content\/uploads\/2020\/06\/logo-white.png","contentUrl":"https:\/\/objectif-cash.com\/wp-content\/uploads\/2020\/06\/logo-white.png","width":376,"height":82,"caption":"Objectif CASH"},"image":{"@id":"https:\/\/objectif-cash.com\/en\/#\/schema\/logo\/image\/"},"sameAs":["https:\/\/x.com\/objectifcash","https:\/\/www.linkedin.com\/company\/objectif-cash","https:\/\/www.youtube.com\/user\/CitizenCASH\/videos"]},{"@type":"Person","@id":"https:\/\/objectif-cash.com\/en\/#\/schema\/person\/94b3a8ded53e94b82686a07378921863","name":"admin","image":{"@type":"ImageObject","inLanguage":"en-US","@id":"https:\/\/secure.gravatar.com\/avatar\/671f8bbcdf90afb1cf31d52c71bbac873105d52b2263ddb5bea5ed1d8e1475d4?s=96&d=mm&r=g","url":"https:\/\/secure.gravatar.com\/avatar\/671f8bbcdf90afb1cf31d52c71bbac873105d52b2263ddb5bea5ed1d8e1475d4?s=96&d=mm&r=g","contentUrl":"https:\/\/secure.gravatar.com\/avatar\/671f8bbcdf90afb1cf31d52c71bbac873105d52b2263ddb5bea5ed1d8e1475d4?s=96&d=mm&r=g","caption":"admin"}}]}},"_links":{"self":[{"href":"https:\/\/objectif-cash.com\/en\/wp-json\/wp\/v2\/posts\/1278","targetHints":{"allow":["GET"]}}],"collection":[{"href":"https:\/\/objectif-cash.com\/en\/wp-json\/wp\/v2\/posts"}],"about":[{"href":"https:\/\/objectif-cash.com\/en\/wp-json\/wp\/v2\/types\/post"}],"author":[{"embeddable":true,"href":"https:\/\/objectif-cash.com\/en\/wp-json\/wp\/v2\/users\/1"}],"replies":[{"embeddable":true,"href":"https:\/\/objectif-cash.com\/en\/wp-json\/wp\/v2\/comments?post=1278"}],"version-history":[{"count":1,"href":"https:\/\/objectif-cash.com\/en\/wp-json\/wp\/v2\/posts\/1278\/revisions"}],"predecessor-version":[{"id":2886,"href":"https:\/\/objectif-cash.com\/en\/wp-json\/wp\/v2\/posts\/1278\/revisions\/2886"}],"wp:featuredmedia":[{"embeddable":true,"href":"https:\/\/objectif-cash.com\/en\/wp-json\/wp\/v2\/media\/847"}],"wp:attachment":[{"href":"https:\/\/objectif-cash.com\/en\/wp-json\/wp\/v2\/media?parent=1278"}],"wp:term":[{"taxonomy":"category","embeddable":true,"href":"https:\/\/objectif-cash.com\/en\/wp-json\/wp\/v2\/categories?post=1278"},{"taxonomy":"post_tag","embeddable":true,"href":"https:\/\/objectif-cash.com\/en\/wp-json\/wp\/v2\/tags?post=1278"}],"curies":[{"name":"wp","href":"https:\/\/api.w.org\/{rel}","templated":true}]}}