{"id":1239,"date":"2020-05-07T00:00:00","date_gmt":"2020-05-07T00:00:00","guid":{"rendered":"https:\/\/objectif-cash.com\/confinement-deconfinement-le-teletravail-est-il-la-solution-pour-un-deconfinement-progressif\/"},"modified":"2020-07-21T11:51:10","modified_gmt":"2020-07-21T11:51:10","slug":"confinement-deconfinement-le-teletravail-est-il-la-solution-pour-un-deconfinement-progressif","status":"publish","type":"post","link":"https:\/\/objectif-cash.com\/en\/management-prospective\/confinement-deconfinement-le-teletravail-est-il-la-solution-pour-un-deconfinement-progressif\/","title":{"rendered":"Confinement \/ D\u00e9confinement : Le t\u00e9l\u00e9travail est-il la solution pour un d\u00e9confinement &#8220;progressif&#8221; ?"},"content":{"rendered":"<div>\n<p><strong>Le t\u00e9l\u00e9travail viendra-t-il \u00e0 bout de la notion m\u00eame d&#8217;entreprise ? <\/strong><\/p>\n<p><strong><em>Quid des managers de transition en mission ? <\/em><\/strong><\/p>\n<p>A partir de Lundi le monde va se diviser en deux cat\u00e9gories : celles et ceux qui retournent masqu\u00e9s au front et celles et ceux qui poursuivent en t\u00e9l\u00e9travail\u2026Principe de pr\u00e9caution\u2026Jusqu\u2019\u00e0 quand ? Nous verrons\u2026<\/p>\n<p>Le t\u00e9l\u00e9travail : Beaucoup y ont pris go\u00fbt. Pand\u00e9mie oblige.<\/p>\n<p>A la fin\u2026nous serons tous en t\u00e9l\u00e9travail <strong>mais il n\u2019y aura plus une seule entreprise \u2026<\/strong><\/p>\n<p>C\u2019est ce que pr\u00e9disent d\u00e9j\u00e0 certains. Quels sont les enjeux et les risques ? Et surtout quelles solutions pour ne pas en arriver l\u00e0 ?<\/p>\n<p><strong>Rappel des \u00e9pisodes pr\u00e9c\u00e9dents : D\u00e9j\u00e0 dans les ann\u00e9es 1990 \u2026<\/strong><\/p>\n<p>Le t\u00e9l\u00e9travail, appel\u00e9 aussi <em>home office<\/em> c\u2019est plus chic, ne date pas d\u2019hier. D\u00e8s le premier choc p\u00e9trolier il est devenu un sujet de politique publique et d\u2019am\u00e9nagement du territoire. A l\u2019\u00e9poque il ne s\u2019agissait pas encore d\u2019am\u00e9liorer la vie des gens\u2026 encore moins de faire le bonheur des gens en entreprise\u2026mais plut\u00f4t de r\u00e9duire les d\u00e9placements. Gouvernements et entreprises ont commenc\u00e9 \u00e0 imaginer un t\u00e9l\u00e9travail hors des bureaux, mais loin du domicile. En p\u00e9riph\u00e9rie des villes et aussi dans les quartiers d\u2019affaires. \u00ab <em>Construire les villes \u00e0 la campagne<\/em>\u2026 \u00bb avait dit Alphonse ALLAIS . A coup de subventions, dans les ann\u00e9es 90, des sortes d\u2019espaces de <em>coworking <\/em>ont \u00e9t\u00e9 construits abritant des bureaux partag\u00e9s par des salari\u00e9s de diff\u00e9rentes entreprises. Outre le fait que ces espaces sont rest\u00e9s vides, l\u2019impact sur les d\u00e9placements et donc la pollution n\u2019a jamais pu \u00eatre prouv\u00e9. De nombreuses personnes profitant de ne pas devoir se rendre sur leur lieu de travail pour aller \u2026se promener ailleurs. Adieu la d\u00e9congestion du trafic routier !<\/p>\n<p><strong>2020 : Le COHID 19 mieux que la Cop 21 ? <\/strong><\/p>\n<p>Trente ans ont pass\u00e9. En plus du virus, deux choses ont chang\u00e9. Le d\u00e9r\u00e8glement climatique est l\u00e0. Internet \u00e9galement.<\/p>\n<p>Selon la Direction de la Statistique du Minist\u00e8re du Travail, jusqu\u2019au 17 Mars 2020, le t\u00e9l\u00e9travail (en dehors des locaux de l\u2019entreprise ; pas forc\u00e9ment chez soi) concernait en France environ 2 Millions de salari\u00e9s mais n\u2019\u00e9tait pratiqu\u00e9 que quelques jours par ci par l\u00e0. Aujourd\u2019hui certains \u00e9voquent d\u00e9j\u00e0 un potentiel de 12 Millions de salari\u00e9s \u2026<\/p>\n<p>D\u2019autres plus raisonnablement parlent de 10 Millions de salari\u00e9s : 4 Millions dans le priv\u00e9 et 6 Millions dans le public.<\/p>\n<p><strong>Les freins \u00e0 la g\u00e9n\u00e9ralisation du t\u00e9l\u00e9travail \u2026<\/strong><\/p>\n<p>Inventaire \u00e0 la Pr\u00e9vert \u2026<\/p>\n<p>&#8211; La formation des \u00e9quipes, notamment des managers.<\/p>\n<p>&#8211; L\u2019attachement des salari\u00e9s \u00e0 leur entreprise ( le ph\u00e9nom\u00e8ne \u00ab <em>J\u2019aime ma bo\u00eete<\/em> \u00bb) et aussi l\u2019attachement des gens \u00e0 leurs coll\u00e8gues, aux discussions autour de la machine \u00e0 caf\u00e9, etc.<\/p>\n<p>&#8211; La politique interne : Le risque d\u2019\u00e9loignement du chef \/ des chefs et de \u00ab radio moquette \u00bb \u2026 \u00ab <em>Loin des yeux, loin du c\u0153ur<\/em>\u2026 \u00bb<\/p>\n<p>&#8211; Les surco\u00fbts informatiques, la protection des syst\u00e8mes d\u2019information, la s\u00e9curisation des donn\u00e9es (*)\u2026<\/p>\n<p>&#8211; La protection de la vie priv\u00e9e des salari\u00e9s<\/p>\n<p>&#8211; Etc.<\/p>\n<p>La crise li\u00e9e au coronavirus ne l\u00e8ve pas tous les freins mais en l\u00e8ve un certain nombre\u2026<\/p>\n<p><strong>La g\u00e9n\u00e9ralisation du t\u00e9l\u00e9travail \u2026Une opportunit\u00e9 de transformer l\u2019entreprise \u2026et de refonder les organisations si l\u2019on consid\u00e8re le t\u00e9l\u00e9travail non comme une contrainte ponctuelle mais comme un ph\u00e9nom\u00e8ne dynamique. <\/strong><\/p>\n<p><strong>Le t\u00e9l\u00e9travail : Tout sauf un salari\u00e9 qui reste tout seul chez lui ! <\/strong><\/p>\n<p>Quelques exemples de sujets \u00e0 repenser dans nos organisations :<\/p>\n<p>&#8211; Le salari\u00e9 avait sa place au bureau. Il doit retrouver sa place dans une organisation bas\u00e9e sur le t\u00e9l\u00e9travail\u2026 Tant en ce qui concerne l\u2019acc\u00e8s aux informations, \u00e0 sa hi\u00e9rarchies, \u00e0 ses coll\u00e8gues, au service informatique et aussi au service Ressources Humaines \u2026<\/p>\n<p>&#8211; Le management ne peut plus \u00eatre autoritaire \u2026Cela ne fonctionnerait plus en mode t\u00e9l\u00e9travail. Des personnes pourraient d\u00e9crocher et quitter l\u2019entreprise ; avec \u00e0 la cl\u00e9 des pertes de comp\u00e9tences \u2026ce qui peut \u00eatre tr\u00e8s g\u00eanant dans des entreprises de type PME \/ ETI o\u00f9 il y a beaucoup d\u2019informel et o\u00f9 les processus ne sont pas encore tous ni \u00e9crits ni document\u00e9s \u2026<\/p>\n<p><strong>Avec la g\u00e9n\u00e9ralisation du t\u00e9l\u00e9travail de nouveaux risques menacent la coh\u00e9sion de l\u2019entreprise \u2026<\/strong><\/p>\n<p>Vous en avez tous d\u00e9j\u00e0 fait l\u2019exp\u00e9rience. Vous organisez dans votre service une visio-conf\u00e9rence. Il s\u2019agit d\u2019installer ZOOM, la nouvelle appli de partage. Au moment de lancer la visio-conf\u00e9rence, il manque des personnes. \u00ab <em>Probl\u00e8mes informatiques<\/em> \u2026 \u00bb disent-elles pour se justifier et masquer la fracture g\u00e9n\u00e9rationnelle entre ceux qui maitrisent les nouvelles technologies, voire en raffolent, et les autres. Les laiss\u00e9s pour compte \u2026<\/p>\n<p><strong>Le t\u00e9l\u00e9travail : Amplificateur des in\u00e9galit\u00e9s dans l\u2019entreprise ? <\/strong><\/p>\n<p><strong>Vers un risque de fracture sociale ? Une entreprise \u00e0 deux vitesses ? <\/strong><\/p>\n<p>Tous les m\u00e9tiers, par nature, ne peuvent s\u2019exercer en t\u00e9l\u00e9travail\u2026Cela pourrait rapidement tourner \u00e0 une nouvelle \u00ab <em>lutte des classes <\/em>\u00bb entre ceux, souvent moins bien r\u00e9mun\u00e9r\u00e9s mais oblig\u00e9s de travailler pendant la pand\u00e9mie (caissiers dans les supermarch\u00e9s, magasiniers dans les entrep\u00f4ts, employ\u00e9s de banque, postiers, chauffeurs routiers, livreurs, etc.) et les cols blancs (\u00ab ces planqu\u00e9s bien au chaud au si\u00e8ge, \u00e0 la maison ou encore, pour ceux ayant brav\u00e9 les r\u00e8gles strictes du confinement, dans leur r\u00e9sidence secondaire \u00e0 l\u2019Ile d\u2019Ol\u00e9ron\u2026 \u00bb).<\/p>\n<p>De m\u00eame, quid des salari\u00e9s avec des enfants confin\u00e9s \u00e9galement ? Si les salari\u00e9s et les enfants doivent travailler dans des logements exigus et pas adapt\u00e9s ? Quid de la scolarit\u00e9 des enfants squattant la cuisine pour faire leurs devoirs ? Les in\u00e9galit\u00e9s se cumulent ?<\/p>\n<p>Donc beaucoup de choses \u00e0 repenser et surtout \u00e0 r\u00e9organiser pour que le \u00ab vivre ensemble en p\u00e9riode de confinement ou pas \u00bb soit \u2026 possible mais surtout vivable \u2026dans la dur\u00e9e.<\/p>\n<p><strong>Quid des managers de transition ? \u00ab T\u00e9l\u00e9travail \u00bb ou \u00ab Pr\u00e9sentiel \u00bb ? <\/strong><\/p>\n<p>Par d\u00e9finition, nous nous adaptons aux circonstances et aux contraintes des entreprises qui nous confient des missions.<\/p>\n<p>Actuellement :<\/p>\n<p>&#8211; 20 % des missions se poursuivent en \u00ab pr\u00e9sentiel \u00bb uniquement<\/p>\n<p>&#8211; 30 % des missions se poursuivent en \u00ab t\u00e9l\u00e9travail \u00bb uniquement<\/p>\n<p>&#8211; 50 % des missions se poursuivent en un mix \u00ab pr\u00e9sentiel \u00bb et \u00ab t\u00e9l\u00e9travail \u00bb.<\/p>\n<p>Le d\u00e9confinement, nous verrons \u2026apr\u00e8s. C\u2019est-\u00e0-dire d\u00e8s Lundi ! Cela se pr\u00e9cise \u2026<\/p>\n<p>Pour l\u2019heure, une pens\u00e9e \u00e0 vous tous, \u00e0 vos familles et \u00e0 vos coll\u00e8gues\u2026<\/p>\n<p>Prenez soin de vous et de vos proches<\/p>\n<p><strong>L\u2019\u00e9quipe Objectif CASH <\/strong><\/p>\n<p>(*) <strong>S\u00e9curisation des donn\u00e9es :<\/strong> Nous les Fran\u00e7ais nous avons tendance \u00e0 r\u00e2ler \u2026Rien ne se fait assez vite, etc. Concernant la souverainet\u00e9 des donn\u00e9es, les choses s\u2019organisent petit \u00e0 petit. Nous n\u2019en sommes qu\u2019au d\u00e9but. Outre \u00ab OVH Cloud \u00bb qui a d\u00e9velopp\u00e9 des offres cloud franco fran\u00e7aises, nous apprenons ces jours ci qu\u2019un autre champion 100 % Fran\u00e7ais de la technologie (Dassault Systems) a d\u00e9velopp\u00e9 une offre \u00e0 37,5 Euros par personne et par mois qui donne acc\u00e8s \u00e0 <strong>une solution souveraine<\/strong>. Concr\u00e8tement il s\u2019agit d\u2019une plateforme avec des services comme la messagerie, la gestion de documents, des outils collaboratifs <strong>qui garantit la territorialisation des donn\u00e9es. A investiguer ? <\/strong><\/p>\n<\/div>\n","protected":false},"excerpt":{"rendered":"<div>\n<p><strong>Le t&eacute;l&eacute;travail viendra-t-il &agrave; bout de la notion m&ecirc;me d&#8217;entreprise ? <\/strong><\/p>\n<p><strong><em>Quid des managers de transition en mission ? <\/em><\/strong><\/p>\n<p>A partir de Lundi le monde va se diviser en deux cat&eacute;gories : celles et ceux qui retournent masqu&eacute;s au front et celles et ceux qui poursuivent en t&eacute;l&eacute;travail&hellip;Principe de pr&eacute;caution&hellip;Jusqu&rsquo;&agrave; quand ? Nous verrons&hellip;<\/p>\n<p>Le t&eacute;l&eacute;travail : Beaucoup y ont pris go&ucirc;t. Pand&eacute;mie oblige.<\/p>\n<p>A la fin&hellip;nous serons tous en t&eacute;l&eacute;travail <strong>mais il n&rsquo;y aura plus une seule entreprise &hellip;<\/strong><\/p>\n<p>C&rsquo;est ce que pr&eacute;disent d&eacute;j&agrave; certains. Quels sont les enjeux et les risques ? Et surtout quelles solutions pour ne pas en arriver l&agrave; ?<\/p>\n<p><strong>Rappel des &eacute;pisodes pr&eacute;c&eacute;dents : D&eacute;j&agrave; dans les ann&eacute;es 1990 &hellip;<\/strong><\/p>\n<p>Le t&eacute;l&eacute;travail, appel&eacute; aussi <em>home office<\/em> c&rsquo;est plus chic, ne date pas d&rsquo;hier. D&egrave;s le premier choc p&eacute;trolier il est devenu un sujet de politique publique et d&rsquo;am&eacute;nagement du territoire. A l&rsquo;&eacute;poque il ne s&rsquo;agissait pas encore d&rsquo;am&eacute;liorer la vie des gens&hellip; encore moins de faire le bonheur des gens en entreprise&hellip;mais plut&ocirc;t de r&eacute;duire les d&eacute;placements. Gouvernements et entreprises ont commenc&eacute; &agrave; imaginer un t&eacute;l&eacute;travail hors des bureaux, mais loin du domicile. En p&eacute;riph&eacute;rie des villes et aussi dans les quartiers d&rsquo;affaires. &laquo; <em>Construire les villes &agrave; la campagne<\/em>&hellip; &raquo; avait dit Alphonse ALLAIS . A coup de subventions, dans les ann&eacute;es 90, des sortes d&rsquo;espaces de <em>coworking <\/em>ont &eacute;t&eacute; construits abritant des bureaux partag&eacute;s par des salari&eacute;s de diff&eacute;rentes entreprises. Outre le fait que ces espaces sont rest&eacute;s vides, l&rsquo;impact sur les d&eacute;placements et donc la pollution n&rsquo;a jamais pu &ecirc;tre prouv&eacute;. De nombreuses personnes profitant de ne pas devoir se rendre sur leur lieu de travail pour aller &hellip;se promener ailleurs. Adieu la d&eacute;congestion du trafic routier !<\/p>\n<p><strong>2020 : Le COHID 19 mieux que la Cop 21 ? <\/strong><\/p>\n<p>Trente ans ont pass&eacute;. En plus du virus, deux choses ont chang&eacute;. Le d&eacute;r&egrave;glement climatique est l&agrave;. Internet &eacute;galement.<\/p>\n<p>Selon la Direction de la Statistique du Minist&egrave;re du Travail, jusqu&rsquo;au 17 Mars 2020, le t&eacute;l&eacute;travail (en dehors des locaux de l&rsquo;entreprise ; pas forc&eacute;ment chez soi) concernait en France environ 2 Millions de salari&eacute;s mais n&rsquo;&eacute;tait pratiqu&eacute; que quelques jours par ci par l&agrave;. Aujourd&rsquo;hui certains &eacute;voquent d&eacute;j&agrave; un potentiel de 12 Millions de salari&eacute;s &hellip;<\/p>\n<p>D&rsquo;autres plus raisonnablement parlent de 10 Millions de salari&eacute;s : 4 Millions dans le priv&eacute; et 6 Millions dans le public.<\/p>\n<p><strong>Les freins &agrave; la g&eacute;n&eacute;ralisation du t&eacute;l&eacute;travail &hellip;<\/strong><\/p>\n<p>Inventaire &agrave; la Pr&eacute;vert &hellip;<\/p>\n<p>&#8211; La formation des &eacute;quipes, notamment des managers.<\/p>\n<p>&#8211; L&rsquo;attachement des salari&eacute;s &agrave; leur entreprise ( le ph&eacute;nom&egrave;ne &laquo; <em>J&rsquo;aime ma bo&icirc;te<\/em> &raquo;) et aussi l&rsquo;attachement des gens &agrave; leurs coll&egrave;gues, aux discussions autour de la machine &agrave; caf&eacute;, etc.<\/p>\n<p>&#8211; La politique interne : Le risque d&rsquo;&eacute;loignement du chef \/ des chefs et de &laquo; radio moquette &raquo; &hellip; &laquo; <em>Loin des yeux, loin du c&oelig;ur<\/em>&hellip; &raquo;<\/p>\n<p>&#8211; Les surco&ucirc;ts informatiques, la protection des syst&egrave;mes d&rsquo;information, la s&eacute;curisation des donn&eacute;es (*)&hellip;<\/p>\n<p>&#8211; La protection de la vie priv&eacute;e des salari&eacute;s<\/p>\n<p>&#8211; Etc.<\/p>\n<p>La crise li&eacute;e au coronavirus ne l&egrave;ve pas tous les freins mais en l&egrave;ve un certain nombre&hellip;<\/p>\n<p><strong>La g&eacute;n&eacute;ralisation du t&eacute;l&eacute;travail &hellip;Une opportunit&eacute; de transformer l&rsquo;entreprise &hellip;et de refonder les organisations si l&rsquo;on consid&egrave;re le t&eacute;l&eacute;travail non comme une contrainte ponctuelle mais comme un ph&eacute;nom&egrave;ne dynamique. <\/strong><\/p>\n<p><strong>Le t&eacute;l&eacute;travail : Tout sauf un salari&eacute; qui reste tout seul chez lui ! <\/strong><\/p>\n<p>Quelques exemples de sujets &agrave; repenser dans nos organisations :<\/p>\n<p>&#8211; Le salari&eacute; avait sa place au bureau. Il doit retrouver sa place dans une organisation bas&eacute;e sur le t&eacute;l&eacute;travail&hellip; Tant en ce qui concerne l&rsquo;acc&egrave;s aux informations, &agrave; sa hi&eacute;rarchies, &agrave; ses coll&egrave;gues, au service informatique et aussi au service Ressources Humaines &hellip;<\/p>\n<p>&#8211; Le management ne peut plus &ecirc;tre autoritaire &hellip;Cela ne fonctionnerait plus en mode t&eacute;l&eacute;travail. Des personnes pourraient d&eacute;crocher et quitter l&rsquo;entreprise ; avec &agrave; la cl&eacute; des pertes de comp&eacute;tences &hellip;ce qui peut &ecirc;tre tr&egrave;s g&ecirc;nant dans des entreprises de type PME \/ ETI o&ugrave; il y a beaucoup d&rsquo;informel et o&ugrave; les processus ne sont pas encore tous ni &eacute;crits ni document&eacute;s &hellip;<\/p>\n<p><strong>Avec la g&eacute;n&eacute;ralisation du t&eacute;l&eacute;travail de nouveaux risques menacent la coh&eacute;sion de l&rsquo;entreprise &hellip;<\/strong><\/p>\n<p>Vous en avez tous d&eacute;j&agrave; fait l&rsquo;exp&eacute;rience. Vous organisez dans votre service une visio-conf&eacute;rence. Il s&rsquo;agit d&rsquo;installer ZOOM, la nouvelle appli de partage. Au moment de lancer la visio-conf&eacute;rence, il manque des personnes. &laquo; <em>Probl&egrave;mes informatiques<\/em> &hellip; &raquo; disent-elles pour se justifier et masquer la fracture g&eacute;n&eacute;rationnelle entre ceux qui maitrisent les nouvelles technologies, voire en raffolent, et les autres. Les laiss&eacute;s pour compte &hellip;<\/p>\n<p><strong>Le t&eacute;l&eacute;travail : Amplificateur des in&eacute;galit&eacute;s dans l&rsquo;entreprise ? <\/strong><\/p>\n<p><strong>Vers un risque de fracture sociale ? Une entreprise &agrave; deux vitesses ? <\/strong><\/p>\n<p>Tous les m&eacute;tiers, par nature, ne peuvent s&rsquo;exercer en t&eacute;l&eacute;travail&hellip;Cela pourrait rapidement tourner &agrave; une nouvelle &laquo; <em>lutte des classes <\/em>&raquo; entre ceux, souvent moins bien r&eacute;mun&eacute;r&eacute;s mais oblig&eacute;s de travailler pendant la pand&eacute;mie (caissiers dans les supermarch&eacute;s, magasiniers dans les entrep&ocirc;ts, employ&eacute;s de banque, postiers, chauffeurs routiers, livreurs, etc.) et les cols blancs (&laquo; ces planqu&eacute;s bien au chaud au si&egrave;ge, &agrave; la maison ou encore, pour ceux ayant brav&eacute; les r&egrave;gles strictes du confinement, dans leur r&eacute;sidence secondaire &agrave; l&rsquo;Ile d&rsquo;Ol&eacute;ron&hellip; &raquo;).<\/p>\n<p>De m&ecirc;me, quid des salari&eacute;s avec des enfants confin&eacute;s &eacute;galement ? Si les salari&eacute;s et les enfants doivent travailler dans des logements exigus et pas adapt&eacute;s ? Quid de la scolarit&eacute; des enfants squattant la cuisine pour faire leurs devoirs ? Les in&eacute;galit&eacute;s se cumulent ?<\/p>\n<p>Donc beaucoup de choses &agrave; repenser et surtout &agrave; r&eacute;organiser pour que le &laquo; vivre ensemble en p&eacute;riode de confinement ou pas &raquo; soit &hellip; possible mais surtout vivable &hellip;dans la dur&eacute;e.<\/p>\n<p><strong>Quid des managers de transition ? &laquo; T&eacute;l&eacute;travail &raquo; ou &laquo; Pr&eacute;sentiel &raquo; ? <\/strong><\/p>\n<p>Par d&eacute;finition, nous nous adaptons aux circonstances et aux contraintes des entreprises qui nous confient des missions.<\/p>\n<p>Actuellement :<\/p>\n<p>&#8211; 20 % des missions se poursuivent en &laquo; pr&eacute;sentiel &raquo; uniquement<\/p>\n<p>&#8211; 30 % des missions se poursuivent en &laquo; t&eacute;l&eacute;travail &raquo; uniquement<\/p>\n<p>&#8211; 50 % des missions se poursuivent en un mix &laquo; pr&eacute;sentiel &raquo; et &laquo; t&eacute;l&eacute;travail &raquo;.<\/p>\n<p>Le d&eacute;confinement, nous verrons &hellip;apr&egrave;s. C&rsquo;est-&agrave;-dire d&egrave;s Lundi ! Cela se pr&eacute;cise &hellip;<\/p>\n<p>Pour l&rsquo;heure, une pens&eacute;e &agrave; vous tous, &agrave; vos familles et &agrave; vos coll&egrave;gues&hellip;<\/p>\n<p>Prenez soin de vous et de vos proches<\/p>\n<p><strong>L&rsquo;&eacute;quipe Objectif CASH <\/strong><\/p>\n<p>(*) <strong>S&eacute;curisation des donn&eacute;es :<\/strong> Nous les Fran&ccedil;ais nous avons tendance &agrave; r&acirc;ler &hellip;Rien ne se fait assez vite, etc. Concernant la souverainet&eacute; des donn&eacute;es, les choses s&rsquo;organisent petit &agrave; petit. Nous n&rsquo;en sommes qu&rsquo;au d&eacute;but. Outre &laquo; OVH Cloud &raquo; qui a d&eacute;velopp&eacute; des offres cloud franco fran&ccedil;aises, nous apprenons ces jours ci qu&rsquo;un autre champion 100 % Fran&ccedil;ais de la technologie (Dassault Systems) a d&eacute;velopp&eacute; une offre &agrave; 37,5 Euros par personne et par mois qui donne acc&egrave;s &agrave; <strong>une solution souveraine<\/strong>. Concr&egrave;tement il s&rsquo;agit d&rsquo;une plateforme avec des services comme la messagerie, la gestion de documents, des outils collaboratifs <strong>qui garantit la territorialisation des donn&eacute;es. A investiguer ? <\/strong><\/p>\n<\/div>\n","protected":false},"author":1,"featured_media":1781,"comment_status":"open","ping_status":"closed","sticky":false,"template":"","format":"standard","meta":{"_acf_changed":false,"footnotes":""},"categories":[28],"tags":[],"class_list":["post-1239","post","type-post","status-publish","format-standard","has-post-thumbnail","hentry","category-management-prospective"],"acf":[],"yoast_head":"<!-- This site is optimized with the Yoast SEO plugin v27.5 - https:\/\/yoast.com\/product\/yoast-seo-wordpress\/ -->\n<title>Confinement \/ D\u00e9confinement : Le t\u00e9l\u00e9travail est-il la solution pour un d\u00e9confinement &quot;progressif&quot; ? - Objectif CASH<\/title>\n<meta name=\"description\" content=\"D\u00e9couvrez notre article Confinement \/ D\u00e9confinement : Le t\u00e9l\u00e9travail est-il la solution pour un d\u00e9confinement &quot;progressif&quot; ? - Objectif CASH\" \/>\n<link rel=\"canonical\" href=\"https:\/\/objectif-cash.com\/en\/management-prospective\/confinement-deconfinement-le-teletravail-est-il-la-solution-pour-un-deconfinement-progressif\/\" \/>\n<meta property=\"og:locale\" content=\"en_US\" \/>\n<meta property=\"og:type\" content=\"article\" \/>\n<meta property=\"og:title\" content=\"Confinement \/ D\u00e9confinement : Le t\u00e9l\u00e9travail est-il la solution pour un d\u00e9confinement &quot;progressif&quot; ? - Objectif CASH\" \/>\n<meta property=\"og:description\" content=\"D\u00e9couvrez notre article Confinement \/ D\u00e9confinement : Le t\u00e9l\u00e9travail est-il la solution pour un d\u00e9confinement &quot;progressif&quot; ? - Objectif CASH\" \/>\n<meta property=\"og:url\" content=\"https:\/\/objectif-cash.com\/en\/management-prospective\/confinement-deconfinement-le-teletravail-est-il-la-solution-pour-un-deconfinement-progressif\/\" \/>\n<meta property=\"og:site_name\" content=\"Objectif CASH\" \/>\n<meta property=\"article:published_time\" content=\"2020-05-07T00:00:00+00:00\" \/>\n<meta property=\"article:modified_time\" content=\"2020-07-21T11:51:10+00:00\" \/>\n<meta property=\"og:image\" content=\"https:\/\/objectif-cash.com\/wp-content\/uploads\/2020\/05\/background-file.png\" \/>\n\t<meta property=\"og:image:width\" content=\"601\" \/>\n\t<meta property=\"og:image:height\" content=\"400\" \/>\n\t<meta property=\"og:image:type\" content=\"image\/png\" \/>\n<meta name=\"author\" content=\"admin\" \/>\n<meta name=\"twitter:card\" content=\"summary_large_image\" \/>\n<meta name=\"twitter:creator\" content=\"@objectifcash\" \/>\n<meta name=\"twitter:site\" content=\"@objectifcash\" \/>\n<meta name=\"twitter:label1\" content=\"Written by\" \/>\n\t<meta name=\"twitter:data1\" content=\"admin\" \/>\n\t<meta name=\"twitter:label2\" content=\"Est. reading time\" \/>\n\t<meta name=\"twitter:data2\" content=\"6 minutes\" \/>\n<script type=\"application\/ld+json\" class=\"yoast-schema-graph\">{\"@context\":\"https:\\\/\\\/schema.org\",\"@graph\":[{\"@type\":\"Article\",\"@id\":\"https:\\\/\\\/objectif-cash.com\\\/en\\\/management-prospective\\\/confinement-deconfinement-le-teletravail-est-il-la-solution-pour-un-deconfinement-progressif\\\/#article\",\"isPartOf\":{\"@id\":\"https:\\\/\\\/objectif-cash.com\\\/en\\\/management-prospective\\\/confinement-deconfinement-le-teletravail-est-il-la-solution-pour-un-deconfinement-progressif\\\/\"},\"author\":{\"name\":\"admin\",\"@id\":\"https:\\\/\\\/objectif-cash.com\\\/en\\\/#\\\/schema\\\/person\\\/94b3a8ded53e94b82686a07378921863\"},\"headline\":\"Confinement \\\/ D\u00e9confinement : Le t\u00e9l\u00e9travail est-il la solution pour un d\u00e9confinement &#8220;progressif&#8221; ?\",\"datePublished\":\"2020-05-07T00:00:00+00:00\",\"dateModified\":\"2020-07-21T11:51:10+00:00\",\"mainEntityOfPage\":{\"@id\":\"https:\\\/\\\/objectif-cash.com\\\/en\\\/management-prospective\\\/confinement-deconfinement-le-teletravail-est-il-la-solution-pour-un-deconfinement-progressif\\\/\"},\"wordCount\":1271,\"commentCount\":0,\"publisher\":{\"@id\":\"https:\\\/\\\/objectif-cash.com\\\/en\\\/#organization\"},\"image\":{\"@id\":\"https:\\\/\\\/objectif-cash.com\\\/en\\\/management-prospective\\\/confinement-deconfinement-le-teletravail-est-il-la-solution-pour-un-deconfinement-progressif\\\/#primaryimage\"},\"thumbnailUrl\":\"https:\\\/\\\/objectif-cash.com\\\/wp-content\\\/uploads\\\/2020\\\/05\\\/background-file.png\",\"articleSection\":[\"Management \\\/ Prospective\"],\"inLanguage\":\"en-US\"},{\"@type\":\"WebPage\",\"@id\":\"https:\\\/\\\/objectif-cash.com\\\/en\\\/management-prospective\\\/confinement-deconfinement-le-teletravail-est-il-la-solution-pour-un-deconfinement-progressif\\\/\",\"url\":\"https:\\\/\\\/objectif-cash.com\\\/en\\\/management-prospective\\\/confinement-deconfinement-le-teletravail-est-il-la-solution-pour-un-deconfinement-progressif\\\/\",\"name\":\"Confinement \\\/ D\u00e9confinement : Le t\u00e9l\u00e9travail est-il la solution pour un d\u00e9confinement \\\"progressif\\\" ? - Objectif CASH\",\"isPartOf\":{\"@id\":\"https:\\\/\\\/objectif-cash.com\\\/en\\\/#website\"},\"primaryImageOfPage\":{\"@id\":\"https:\\\/\\\/objectif-cash.com\\\/en\\\/management-prospective\\\/confinement-deconfinement-le-teletravail-est-il-la-solution-pour-un-deconfinement-progressif\\\/#primaryimage\"},\"image\":{\"@id\":\"https:\\\/\\\/objectif-cash.com\\\/en\\\/management-prospective\\\/confinement-deconfinement-le-teletravail-est-il-la-solution-pour-un-deconfinement-progressif\\\/#primaryimage\"},\"thumbnailUrl\":\"https:\\\/\\\/objectif-cash.com\\\/wp-content\\\/uploads\\\/2020\\\/05\\\/background-file.png\",\"datePublished\":\"2020-05-07T00:00:00+00:00\",\"dateModified\":\"2020-07-21T11:51:10+00:00\",\"description\":\"D\u00e9couvrez notre article Confinement \\\/ D\u00e9confinement : Le t\u00e9l\u00e9travail est-il la solution pour un d\u00e9confinement \\\"progressif\\\" ? - Objectif CASH\",\"breadcrumb\":{\"@id\":\"https:\\\/\\\/objectif-cash.com\\\/en\\\/management-prospective\\\/confinement-deconfinement-le-teletravail-est-il-la-solution-pour-un-deconfinement-progressif\\\/#breadcrumb\"},\"inLanguage\":\"en-US\",\"potentialAction\":[{\"@type\":\"ReadAction\",\"target\":[\"https:\\\/\\\/objectif-cash.com\\\/en\\\/management-prospective\\\/confinement-deconfinement-le-teletravail-est-il-la-solution-pour-un-deconfinement-progressif\\\/\"]}]},{\"@type\":\"ImageObject\",\"inLanguage\":\"en-US\",\"@id\":\"https:\\\/\\\/objectif-cash.com\\\/en\\\/management-prospective\\\/confinement-deconfinement-le-teletravail-est-il-la-solution-pour-un-deconfinement-progressif\\\/#primaryimage\",\"url\":\"https:\\\/\\\/objectif-cash.com\\\/wp-content\\\/uploads\\\/2020\\\/05\\\/background-file.png\",\"contentUrl\":\"https:\\\/\\\/objectif-cash.com\\\/wp-content\\\/uploads\\\/2020\\\/05\\\/background-file.png\",\"width\":601,\"height\":400},{\"@type\":\"BreadcrumbList\",\"@id\":\"https:\\\/\\\/objectif-cash.com\\\/en\\\/management-prospective\\\/confinement-deconfinement-le-teletravail-est-il-la-solution-pour-un-deconfinement-progressif\\\/#breadcrumb\",\"itemListElement\":[{\"@type\":\"ListItem\",\"position\":1,\"name\":\"Home Page\",\"item\":\"https:\\\/\\\/objectif-cash.com\\\/en\\\/\"},{\"@type\":\"ListItem\",\"position\":2,\"name\":\"Confinement \\\/ D\u00e9confinement : Le t\u00e9l\u00e9travail est-il la solution pour un d\u00e9confinement \u00ab\u00a0progressif\u00a0\u00bb ?\"}]},{\"@type\":\"WebSite\",\"@id\":\"https:\\\/\\\/objectif-cash.com\\\/en\\\/#website\",\"url\":\"https:\\\/\\\/objectif-cash.com\\\/en\\\/\",\"name\":\"Objectif CASH\",\"description\":\"Specialist in Transition Management\",\"publisher\":{\"@id\":\"https:\\\/\\\/objectif-cash.com\\\/en\\\/#organization\"},\"potentialAction\":[{\"@type\":\"SearchAction\",\"target\":{\"@type\":\"EntryPoint\",\"urlTemplate\":\"https:\\\/\\\/objectif-cash.com\\\/en\\\/?s={search_term_string}\"},\"query-input\":{\"@type\":\"PropertyValueSpecification\",\"valueRequired\":true,\"valueName\":\"search_term_string\"}}],\"inLanguage\":\"en-US\"},{\"@type\":\"Organization\",\"@id\":\"https:\\\/\\\/objectif-cash.com\\\/en\\\/#organization\",\"name\":\"Objectif CASH\",\"url\":\"https:\\\/\\\/objectif-cash.com\\\/en\\\/\",\"logo\":{\"@type\":\"ImageObject\",\"inLanguage\":\"en-US\",\"@id\":\"https:\\\/\\\/objectif-cash.com\\\/en\\\/#\\\/schema\\\/logo\\\/image\\\/\",\"url\":\"https:\\\/\\\/objectif-cash.com\\\/wp-content\\\/uploads\\\/2020\\\/06\\\/logo-white.png\",\"contentUrl\":\"https:\\\/\\\/objectif-cash.com\\\/wp-content\\\/uploads\\\/2020\\\/06\\\/logo-white.png\",\"width\":376,\"height\":82,\"caption\":\"Objectif CASH\"},\"image\":{\"@id\":\"https:\\\/\\\/objectif-cash.com\\\/en\\\/#\\\/schema\\\/logo\\\/image\\\/\"},\"sameAs\":[\"https:\\\/\\\/x.com\\\/objectifcash\",\"https:\\\/\\\/www.linkedin.com\\\/company\\\/objectif-cash\",\"https:\\\/\\\/www.youtube.com\\\/user\\\/CitizenCASH\\\/videos\"]},{\"@type\":\"Person\",\"@id\":\"https:\\\/\\\/objectif-cash.com\\\/en\\\/#\\\/schema\\\/person\\\/94b3a8ded53e94b82686a07378921863\",\"name\":\"admin\",\"image\":{\"@type\":\"ImageObject\",\"inLanguage\":\"en-US\",\"@id\":\"https:\\\/\\\/secure.gravatar.com\\\/avatar\\\/671f8bbcdf90afb1cf31d52c71bbac873105d52b2263ddb5bea5ed1d8e1475d4?s=96&d=mm&r=g\",\"url\":\"https:\\\/\\\/secure.gravatar.com\\\/avatar\\\/671f8bbcdf90afb1cf31d52c71bbac873105d52b2263ddb5bea5ed1d8e1475d4?s=96&d=mm&r=g\",\"contentUrl\":\"https:\\\/\\\/secure.gravatar.com\\\/avatar\\\/671f8bbcdf90afb1cf31d52c71bbac873105d52b2263ddb5bea5ed1d8e1475d4?s=96&d=mm&r=g\",\"caption\":\"admin\"}}]}<\/script>\n<!-- \/ Yoast SEO plugin. -->","yoast_head_json":{"title":"Confinement \/ D\u00e9confinement : Le t\u00e9l\u00e9travail est-il la solution pour un d\u00e9confinement \"progressif\" ? - Objectif CASH","description":"D\u00e9couvrez notre article Confinement \/ D\u00e9confinement : Le t\u00e9l\u00e9travail est-il la solution pour un d\u00e9confinement \"progressif\" ? - Objectif CASH","canonical":"https:\/\/objectif-cash.com\/en\/management-prospective\/confinement-deconfinement-le-teletravail-est-il-la-solution-pour-un-deconfinement-progressif\/","og_locale":"en_US","og_type":"article","og_title":"Confinement \/ D\u00e9confinement : Le t\u00e9l\u00e9travail est-il la solution pour un d\u00e9confinement \"progressif\" ? - Objectif CASH","og_description":"D\u00e9couvrez notre article Confinement \/ D\u00e9confinement : Le t\u00e9l\u00e9travail est-il la solution pour un d\u00e9confinement \"progressif\" ? - Objectif CASH","og_url":"https:\/\/objectif-cash.com\/en\/management-prospective\/confinement-deconfinement-le-teletravail-est-il-la-solution-pour-un-deconfinement-progressif\/","og_site_name":"Objectif CASH","article_published_time":"2020-05-07T00:00:00+00:00","article_modified_time":"2020-07-21T11:51:10+00:00","og_image":[{"width":601,"height":400,"url":"https:\/\/objectif-cash.com\/wp-content\/uploads\/2020\/05\/background-file.png","type":"image\/png"}],"author":"admin","twitter_card":"summary_large_image","twitter_creator":"@objectifcash","twitter_site":"@objectifcash","twitter_misc":{"Written by":"admin","Est. reading time":"6 minutes"},"schema":{"@context":"https:\/\/schema.org","@graph":[{"@type":"Article","@id":"https:\/\/objectif-cash.com\/en\/management-prospective\/confinement-deconfinement-le-teletravail-est-il-la-solution-pour-un-deconfinement-progressif\/#article","isPartOf":{"@id":"https:\/\/objectif-cash.com\/en\/management-prospective\/confinement-deconfinement-le-teletravail-est-il-la-solution-pour-un-deconfinement-progressif\/"},"author":{"name":"admin","@id":"https:\/\/objectif-cash.com\/en\/#\/schema\/person\/94b3a8ded53e94b82686a07378921863"},"headline":"Confinement \/ D\u00e9confinement : Le t\u00e9l\u00e9travail est-il la solution pour un d\u00e9confinement &#8220;progressif&#8221; ?","datePublished":"2020-05-07T00:00:00+00:00","dateModified":"2020-07-21T11:51:10+00:00","mainEntityOfPage":{"@id":"https:\/\/objectif-cash.com\/en\/management-prospective\/confinement-deconfinement-le-teletravail-est-il-la-solution-pour-un-deconfinement-progressif\/"},"wordCount":1271,"commentCount":0,"publisher":{"@id":"https:\/\/objectif-cash.com\/en\/#organization"},"image":{"@id":"https:\/\/objectif-cash.com\/en\/management-prospective\/confinement-deconfinement-le-teletravail-est-il-la-solution-pour-un-deconfinement-progressif\/#primaryimage"},"thumbnailUrl":"https:\/\/objectif-cash.com\/wp-content\/uploads\/2020\/05\/background-file.png","articleSection":["Management \/ Prospective"],"inLanguage":"en-US"},{"@type":"WebPage","@id":"https:\/\/objectif-cash.com\/en\/management-prospective\/confinement-deconfinement-le-teletravail-est-il-la-solution-pour-un-deconfinement-progressif\/","url":"https:\/\/objectif-cash.com\/en\/management-prospective\/confinement-deconfinement-le-teletravail-est-il-la-solution-pour-un-deconfinement-progressif\/","name":"Confinement \/ D\u00e9confinement : Le t\u00e9l\u00e9travail est-il la solution pour un d\u00e9confinement \"progressif\" ? - Objectif CASH","isPartOf":{"@id":"https:\/\/objectif-cash.com\/en\/#website"},"primaryImageOfPage":{"@id":"https:\/\/objectif-cash.com\/en\/management-prospective\/confinement-deconfinement-le-teletravail-est-il-la-solution-pour-un-deconfinement-progressif\/#primaryimage"},"image":{"@id":"https:\/\/objectif-cash.com\/en\/management-prospective\/confinement-deconfinement-le-teletravail-est-il-la-solution-pour-un-deconfinement-progressif\/#primaryimage"},"thumbnailUrl":"https:\/\/objectif-cash.com\/wp-content\/uploads\/2020\/05\/background-file.png","datePublished":"2020-05-07T00:00:00+00:00","dateModified":"2020-07-21T11:51:10+00:00","description":"D\u00e9couvrez notre article Confinement \/ D\u00e9confinement : Le t\u00e9l\u00e9travail est-il la solution pour un d\u00e9confinement \"progressif\" ? - Objectif CASH","breadcrumb":{"@id":"https:\/\/objectif-cash.com\/en\/management-prospective\/confinement-deconfinement-le-teletravail-est-il-la-solution-pour-un-deconfinement-progressif\/#breadcrumb"},"inLanguage":"en-US","potentialAction":[{"@type":"ReadAction","target":["https:\/\/objectif-cash.com\/en\/management-prospective\/confinement-deconfinement-le-teletravail-est-il-la-solution-pour-un-deconfinement-progressif\/"]}]},{"@type":"ImageObject","inLanguage":"en-US","@id":"https:\/\/objectif-cash.com\/en\/management-prospective\/confinement-deconfinement-le-teletravail-est-il-la-solution-pour-un-deconfinement-progressif\/#primaryimage","url":"https:\/\/objectif-cash.com\/wp-content\/uploads\/2020\/05\/background-file.png","contentUrl":"https:\/\/objectif-cash.com\/wp-content\/uploads\/2020\/05\/background-file.png","width":601,"height":400},{"@type":"BreadcrumbList","@id":"https:\/\/objectif-cash.com\/en\/management-prospective\/confinement-deconfinement-le-teletravail-est-il-la-solution-pour-un-deconfinement-progressif\/#breadcrumb","itemListElement":[{"@type":"ListItem","position":1,"name":"Home Page","item":"https:\/\/objectif-cash.com\/en\/"},{"@type":"ListItem","position":2,"name":"Confinement \/ D\u00e9confinement : Le t\u00e9l\u00e9travail est-il la solution pour un d\u00e9confinement \u00ab\u00a0progressif\u00a0\u00bb ?"}]},{"@type":"WebSite","@id":"https:\/\/objectif-cash.com\/en\/#website","url":"https:\/\/objectif-cash.com\/en\/","name":"Objectif CASH","description":"Specialist in Transition Management","publisher":{"@id":"https:\/\/objectif-cash.com\/en\/#organization"},"potentialAction":[{"@type":"SearchAction","target":{"@type":"EntryPoint","urlTemplate":"https:\/\/objectif-cash.com\/en\/?s={search_term_string}"},"query-input":{"@type":"PropertyValueSpecification","valueRequired":true,"valueName":"search_term_string"}}],"inLanguage":"en-US"},{"@type":"Organization","@id":"https:\/\/objectif-cash.com\/en\/#organization","name":"Objectif CASH","url":"https:\/\/objectif-cash.com\/en\/","logo":{"@type":"ImageObject","inLanguage":"en-US","@id":"https:\/\/objectif-cash.com\/en\/#\/schema\/logo\/image\/","url":"https:\/\/objectif-cash.com\/wp-content\/uploads\/2020\/06\/logo-white.png","contentUrl":"https:\/\/objectif-cash.com\/wp-content\/uploads\/2020\/06\/logo-white.png","width":376,"height":82,"caption":"Objectif CASH"},"image":{"@id":"https:\/\/objectif-cash.com\/en\/#\/schema\/logo\/image\/"},"sameAs":["https:\/\/x.com\/objectifcash","https:\/\/www.linkedin.com\/company\/objectif-cash","https:\/\/www.youtube.com\/user\/CitizenCASH\/videos"]},{"@type":"Person","@id":"https:\/\/objectif-cash.com\/en\/#\/schema\/person\/94b3a8ded53e94b82686a07378921863","name":"admin","image":{"@type":"ImageObject","inLanguage":"en-US","@id":"https:\/\/secure.gravatar.com\/avatar\/671f8bbcdf90afb1cf31d52c71bbac873105d52b2263ddb5bea5ed1d8e1475d4?s=96&d=mm&r=g","url":"https:\/\/secure.gravatar.com\/avatar\/671f8bbcdf90afb1cf31d52c71bbac873105d52b2263ddb5bea5ed1d8e1475d4?s=96&d=mm&r=g","contentUrl":"https:\/\/secure.gravatar.com\/avatar\/671f8bbcdf90afb1cf31d52c71bbac873105d52b2263ddb5bea5ed1d8e1475d4?s=96&d=mm&r=g","caption":"admin"}}]}},"_links":{"self":[{"href":"https:\/\/objectif-cash.com\/en\/wp-json\/wp\/v2\/posts\/1239","targetHints":{"allow":["GET"]}}],"collection":[{"href":"https:\/\/objectif-cash.com\/en\/wp-json\/wp\/v2\/posts"}],"about":[{"href":"https:\/\/objectif-cash.com\/en\/wp-json\/wp\/v2\/types\/post"}],"author":[{"embeddable":true,"href":"https:\/\/objectif-cash.com\/en\/wp-json\/wp\/v2\/users\/1"}],"replies":[{"embeddable":true,"href":"https:\/\/objectif-cash.com\/en\/wp-json\/wp\/v2\/comments?post=1239"}],"version-history":[{"count":1,"href":"https:\/\/objectif-cash.com\/en\/wp-json\/wp\/v2\/posts\/1239\/revisions"}],"predecessor-version":[{"id":1783,"href":"https:\/\/objectif-cash.com\/en\/wp-json\/wp\/v2\/posts\/1239\/revisions\/1783"}],"wp:featuredmedia":[{"embeddable":true,"href":"https:\/\/objectif-cash.com\/en\/wp-json\/wp\/v2\/media\/1781"}],"wp:attachment":[{"href":"https:\/\/objectif-cash.com\/en\/wp-json\/wp\/v2\/media?parent=1239"}],"wp:term":[{"taxonomy":"category","embeddable":true,"href":"https:\/\/objectif-cash.com\/en\/wp-json\/wp\/v2\/categories?post=1239"},{"taxonomy":"post_tag","embeddable":true,"href":"https:\/\/objectif-cash.com\/en\/wp-json\/wp\/v2\/tags?post=1239"}],"curies":[{"name":"wp","href":"https:\/\/api.w.org\/{rel}","templated":true}]}}